{"id":854,"date":"2024-04-25T23:50:04","date_gmt":"2024-04-25T23:50:04","guid":{"rendered":"https:\/\/grupocyh.com\/blog\/?p=854"},"modified":"2024-04-25T23:50:05","modified_gmt":"2024-04-25T23:50:05","slug":"felifer-macias-por-un-queretaro-con-orden-y-rumbo","status":"publish","type":"post","link":"https:\/\/grupocyh.com\/blog\/estilodevida\/felifer-macias-por-un-queretaro-con-orden-y-rumbo\/","title":{"rendered":"Felifer Mac\u00edas: por un Quer\u00e9taro con Orden y Rumbo"},"content":{"rendered":"\n<p>El candidato a la presidencia municipal de Quer\u00e9taro por la coalici\u00f3n Fuerza y Coraz\u00f3n por M\u00e9xico, Felipe Fernando Mac\u00edas Olvera puntualiz\u00f3 que el eje principal de su campa\u00f1a ser\u00e1 el orden, en donde tendr\u00e1 una polic\u00eda eficiente, orden para cuidar los recursos p\u00fablicos, orden para cuidar el medio ambiente, orden para tener servicios p\u00fablicos eficientes y orden para regular el crecimiento, utilizando como lema de campa\u00f1a \u201cCon Orden y con Rumbo\u201d, lo que planea aplicar en la alcald\u00eda capitalina, en caso de ser beneficiado con el voto.<\/p>\n\n\n\n<p>Tambi\u00e9n propone triplicar el recurso que se destine a obra social en la capital: que el 70 por ciento del presupuesto de la obra p\u00fablica se vaya a obra social, estamos hablando de cerca de mil 500 millones de pesos; y el resto, a inversi\u00f3n estrat\u00e9gica, como el mantenimiento de vialidades. Actualmente, el municipio ejecuta 400 millones de pesos en obra social.<\/p>\n","protected":false},"excerpt":{"rendered":"<p>El candidato a la presidencia municipal de Quer\u00e9taro por la coalici\u00f3n Fuerza y Coraz\u00f3n por M\u00e9xico, Felipe Fernando Mac\u00edas Olvera puntualiz\u00f3 que el eje principal de su campa\u00f1a ser\u00e1 el orden, en donde tendr\u00e1 una polic\u00eda eficiente, orden para cuidar los recursos p\u00fablicos, orden para cuidar el medio ambiente, orden para tener servicios p\u00fablicos eficientes [&hellip;]<\/p>\n","protected":false},"author":1,"featured_media":855,"comment_status":"closed","ping_status":"closed","sticky":false,"template":"","format":"standard","meta":{"footnotes":""},"categories":[4],"tags":[],"class_list":["post-854","post","type-post","status-publish","format-standard","has-post-thumbnail","hentry","category-estilodevida"],"yoast_head":"<!-- This site is optimized with the Yoast SEO plugin v20.12 - https:\/\/yoast.com\/wordpress\/plugins\/seo\/ -->\n<title>Felifer Mac\u00edas: por un Quer\u00e9taro con Orden y Rumbo - Blog C&amp;H News<\/title>\n<meta name=\"robots\" content=\"index, follow, max-snippet:-1, max-image-preview:large, max-video-preview:-1\" \/>\n<link rel=\"canonical\" href=\"https:\/\/grupocyh.com\/blog\/estilodevida\/felifer-macias-por-un-queretaro-con-orden-y-rumbo\/\" \/>\n<meta property=\"og:locale\" content=\"es_ES\" \/>\n<meta property=\"og:type\" content=\"article\" \/>\n<meta property=\"og:title\" content=\"Felifer Mac\u00edas: por un Quer\u00e9taro con Orden y Rumbo - Blog C&amp;H News\" \/>\n<meta property=\"og:description\" content=\"El candidato a la presidencia municipal de Quer\u00e9taro por la coalici\u00f3n Fuerza y Coraz\u00f3n por M\u00e9xico, Felipe Fernando Mac\u00edas Olvera puntualiz\u00f3 que el eje principal de su campa\u00f1a ser\u00e1 el orden, en donde tendr\u00e1 una polic\u00eda eficiente, orden para cuidar los recursos p\u00fablicos, orden para cuidar el medio ambiente, orden para tener servicios p\u00fablicos eficientes [&hellip;]\" \/>\n<meta property=\"og:url\" content=\"https:\/\/grupocyh.com\/blog\/estilodevida\/felifer-macias-por-un-queretaro-con-orden-y-rumbo\/\" \/>\n<meta property=\"og:site_name\" content=\"Blog C&amp;H News\" \/>\n<meta property=\"article:published_time\" content=\"2024-04-25T23:50:04+00:00\" \/>\n<meta property=\"article:modified_time\" content=\"2024-04-25T23:50:05+00:00\" \/>\n<meta property=\"og:image\" content=\"https:\/\/grupocyh.com\/blog\/wp-content\/uploads\/2024\/04\/5-feliefer-1.jpeg\" \/>\n\t<meta property=\"og:image:width\" content=\"1280\" \/>\n\t<meta property=\"og:image:height\" content=\"719\" \/>\n\t<meta property=\"og:image:type\" content=\"image\/jpeg\" \/>\n<meta name=\"author\" content=\"admin\" \/>\n<meta name=\"twitter:card\" content=\"summary_large_image\" \/>\n<meta name=\"twitter:label1\" content=\"Escrito por\" \/>\n\t<meta name=\"twitter:data1\" content=\"admin\" \/>\n\t<meta name=\"twitter:label2\" content=\"Tiempo de lectura\" \/>\n\t<meta name=\"twitter:data2\" content=\"1 minuto\" \/>\n<script type=\"application\/ld+json\" class=\"yoast-schema-graph\">{\"@context\":\"https:\/\/schema.org\",\"@graph\":[{\"@type\":\"Article\",\"@id\":\"https:\/\/grupocyh.com\/blog\/estilodevida\/felifer-macias-por-un-queretaro-con-orden-y-rumbo\/#article\",\"isPartOf\":{\"@id\":\"https:\/\/grupocyh.com\/blog\/estilodevida\/felifer-macias-por-un-queretaro-con-orden-y-rumbo\/\"},\"author\":{\"name\":\"admin\",\"@id\":\"http:\/\/grupocyh.com\/blog\/#\/schema\/person\/cb26059294aefa3f8125a8085a8b544e\"},\"headline\":\"Felifer Mac\u00edas: por un Quer\u00e9taro con Orden y Rumbo\",\"datePublished\":\"2024-04-25T23:50:04+00:00\",\"dateModified\":\"2024-04-25T23:50:05+00:00\",\"mainEntityOfPage\":{\"@id\":\"https:\/\/grupocyh.com\/blog\/estilodevida\/felifer-macias-por-un-queretaro-con-orden-y-rumbo\/\"},\"wordCount\":172,\"publisher\":{\"@id\":\"http:\/\/grupocyh.com\/blog\/#organization\"},\"articleSection\":[\"Estilo de Vida\"],\"inLanguage\":\"es\"},{\"@type\":\"WebPage\",\"@id\":\"https:\/\/grupocyh.com\/blog\/estilodevida\/felifer-macias-por-un-queretaro-con-orden-y-rumbo\/\",\"url\":\"https:\/\/grupocyh.com\/blog\/estilodevida\/felifer-macias-por-un-queretaro-con-orden-y-rumbo\/\",\"name\":\"Felifer Mac\u00edas: por un Quer\u00e9taro con Orden y Rumbo - Blog C&amp;H News\",\"isPartOf\":{\"@id\":\"http:\/\/grupocyh.com\/blog\/#website\"},\"datePublished\":\"2024-04-25T23:50:04+00:00\",\"dateModified\":\"2024-04-25T23:50:05+00:00\",\"breadcrumb\":{\"@id\":\"https:\/\/grupocyh.com\/blog\/estilodevida\/felifer-macias-por-un-queretaro-con-orden-y-rumbo\/#breadcrumb\"},\"inLanguage\":\"es\",\"potentialAction\":[{\"@type\":\"ReadAction\",\"target\":[\"https:\/\/grupocyh.com\/blog\/estilodevida\/felifer-macias-por-un-queretaro-con-orden-y-rumbo\/\"]}]},{\"@type\":\"BreadcrumbList\",\"@id\":\"https:\/\/grupocyh.com\/blog\/estilodevida\/felifer-macias-por-un-queretaro-con-orden-y-rumbo\/#breadcrumb\",\"itemListElement\":[{\"@type\":\"ListItem\",\"position\":1,\"name\":\"Portada\",\"item\":\"http:\/\/grupocyh.com\/blog\/\"},{\"@type\":\"ListItem\",\"position\":2,\"name\":\"Felifer Mac\u00edas: por un Quer\u00e9taro con Orden y Rumbo\"}]},{\"@type\":\"WebSite\",\"@id\":\"http:\/\/grupocyh.com\/blog\/#website\",\"url\":\"http:\/\/grupocyh.com\/blog\/\",\"name\":\"Blog C&amp;H News\",\"description\":\"C&amp;H News\",\"publisher\":{\"@id\":\"http:\/\/grupocyh.com\/blog\/#organization\"},\"potentialAction\":[{\"@type\":\"SearchAction\",\"target\":{\"@type\":\"EntryPoint\",\"urlTemplate\":\"http:\/\/grupocyh.com\/blog\/?s={search_term_string}\"},\"query-input\":\"required name=search_term_string\"}],\"inLanguage\":\"es\"},{\"@type\":\"Organization\",\"@id\":\"http:\/\/grupocyh.com\/blog\/#organization\",\"name\":\"Blog C&amp;H News\",\"url\":\"http:\/\/grupocyh.com\/blog\/\",\"logo\":{\"@type\":\"ImageObject\",\"inLanguage\":\"es\",\"@id\":\"http:\/\/grupocyh.com\/blog\/#\/schema\/logo\/image\/\",\"url\":\"https:\/\/grupocyh.com\/blog\/wp-content\/uploads\/2023\/07\/cropped-Screenshot-2023-07-26-at-13-45-15-CYH-News.png\",\"contentUrl\":\"https:\/\/grupocyh.com\/blog\/wp-content\/uploads\/2023\/07\/cropped-Screenshot-2023-07-26-at-13-45-15-CYH-News.png\",\"width\":327,\"height\":75,\"caption\":\"Blog C&amp;H News\"},\"image\":{\"@id\":\"http:\/\/grupocyh.com\/blog\/#\/schema\/logo\/image\/\"}},{\"@type\":\"Person\",\"@id\":\"http:\/\/grupocyh.com\/blog\/#\/schema\/person\/cb26059294aefa3f8125a8085a8b544e\",\"name\":\"admin\",\"image\":{\"@type\":\"ImageObject\",\"inLanguage\":\"es\",\"@id\":\"http:\/\/grupocyh.com\/blog\/#\/schema\/person\/image\/\",\"url\":\"https:\/\/secure.gravatar.com\/avatar\/5fc43d77ff1bf3c82b9e6d27382b9e4c?s=96&d=mm&r=g\",\"contentUrl\":\"https:\/\/secure.gravatar.com\/avatar\/5fc43d77ff1bf3c82b9e6d27382b9e4c?s=96&d=mm&r=g\",\"caption\":\"admin\"},\"sameAs\":[\"http:\/\/grupocyh.com\/blog\"],\"url\":\"https:\/\/grupocyh.com\/blog\/author\/admin\/\"}]}<\/script>\n<!-- \/ Yoast SEO plugin. -->","yoast_head_json":{"title":"Felifer Mac\u00edas: por un Quer\u00e9taro con Orden y Rumbo - Blog C&amp;H News","robots":{"index":"index","follow":"follow","max-snippet":"max-snippet:-1","max-image-preview":"max-image-preview:large","max-video-preview":"max-video-preview:-1"},"canonical":"https:\/\/grupocyh.com\/blog\/estilodevida\/felifer-macias-por-un-queretaro-con-orden-y-rumbo\/","og_locale":"es_ES","og_type":"article","og_title":"Felifer Mac\u00edas: por un Quer\u00e9taro con Orden y Rumbo - Blog C&amp;H News","og_description":"El candidato a la presidencia municipal de Quer\u00e9taro por la coalici\u00f3n Fuerza y Coraz\u00f3n por M\u00e9xico, Felipe Fernando Mac\u00edas Olvera puntualiz\u00f3 que el eje principal de su campa\u00f1a ser\u00e1 el orden, en donde tendr\u00e1 una polic\u00eda eficiente, orden para cuidar los recursos p\u00fablicos, orden para cuidar el medio ambiente, orden para tener servicios p\u00fablicos eficientes [&hellip;]","og_url":"https:\/\/grupocyh.com\/blog\/estilodevida\/felifer-macias-por-un-queretaro-con-orden-y-rumbo\/","og_site_name":"Blog C&amp;H News","article_published_time":"2024-04-25T23:50:04+00:00","article_modified_time":"2024-04-25T23:50:05+00:00","og_image":[{"width":1280,"height":719,"url":"https:\/\/grupocyh.com\/blog\/wp-content\/uploads\/2024\/04\/5-feliefer-1.jpeg","type":"image\/jpeg"}],"author":"admin","twitter_card":"summary_large_image","twitter_misc":{"Escrito por":"admin","Tiempo de lectura":"1 minuto"},"schema":{"@context":"https:\/\/schema.org","@graph":[{"@type":"Article","@id":"https:\/\/grupocyh.com\/blog\/estilodevida\/felifer-macias-por-un-queretaro-con-orden-y-rumbo\/#article","isPartOf":{"@id":"https:\/\/grupocyh.com\/blog\/estilodevida\/felifer-macias-por-un-queretaro-con-orden-y-rumbo\/"},"author":{"name":"admin","@id":"http:\/\/grupocyh.com\/blog\/#\/schema\/person\/cb26059294aefa3f8125a8085a8b544e"},"headline":"Felifer Mac\u00edas: por un Quer\u00e9taro con Orden y Rumbo","datePublished":"2024-04-25T23:50:04+00:00","dateModified":"2024-04-25T23:50:05+00:00","mainEntityOfPage":{"@id":"https:\/\/grupocyh.com\/blog\/estilodevida\/felifer-macias-por-un-queretaro-con-orden-y-rumbo\/"},"wordCount":172,"publisher":{"@id":"http:\/\/grupocyh.com\/blog\/#organization"},"articleSection":["Estilo de Vida"],"inLanguage":"es"},{"@type":"WebPage","@id":"https:\/\/grupocyh.com\/blog\/estilodevida\/felifer-macias-por-un-queretaro-con-orden-y-rumbo\/","url":"https:\/\/grupocyh.com\/blog\/estilodevida\/felifer-macias-por-un-queretaro-con-orden-y-rumbo\/","name":"Felifer Mac\u00edas: por un Quer\u00e9taro con Orden y Rumbo - Blog C&amp;H News","isPartOf":{"@id":"http:\/\/grupocyh.com\/blog\/#website"},"datePublished":"2024-04-25T23:50:04+00:00","dateModified":"2024-04-25T23:50:05+00:00","breadcrumb":{"@id":"https:\/\/grupocyh.com\/blog\/estilodevida\/felifer-macias-por-un-queretaro-con-orden-y-rumbo\/#breadcrumb"},"inLanguage":"es","potentialAction":[{"@type":"ReadAction","target":["https:\/\/grupocyh.com\/blog\/estilodevida\/felifer-macias-por-un-queretaro-con-orden-y-rumbo\/"]}]},{"@type":"BreadcrumbList","@id":"https:\/\/grupocyh.com\/blog\/estilodevida\/felifer-macias-por-un-queretaro-con-orden-y-rumbo\/#breadcrumb","itemListElement":[{"@type":"ListItem","position":1,"name":"Portada","item":"http:\/\/grupocyh.com\/blog\/"},{"@type":"ListItem","position":2,"name":"Felifer Mac\u00edas: por un Quer\u00e9taro con Orden y Rumbo"}]},{"@type":"WebSite","@id":"http:\/\/grupocyh.com\/blog\/#website","url":"http:\/\/grupocyh.com\/blog\/","name":"Blog C&amp;H News","description":"C&amp;H News","publisher":{"@id":"http:\/\/grupocyh.com\/blog\/#organization"},"potentialAction":[{"@type":"SearchAction","target":{"@type":"EntryPoint","urlTemplate":"http:\/\/grupocyh.com\/blog\/?s={search_term_string}"},"query-input":"required name=search_term_string"}],"inLanguage":"es"},{"@type":"Organization","@id":"http:\/\/grupocyh.com\/blog\/#organization","name":"Blog C&amp;H News","url":"http:\/\/grupocyh.com\/blog\/","logo":{"@type":"ImageObject","inLanguage":"es","@id":"http:\/\/grupocyh.com\/blog\/#\/schema\/logo\/image\/","url":"https:\/\/grupocyh.com\/blog\/wp-content\/uploads\/2023\/07\/cropped-Screenshot-2023-07-26-at-13-45-15-CYH-News.png","contentUrl":"https:\/\/grupocyh.com\/blog\/wp-content\/uploads\/2023\/07\/cropped-Screenshot-2023-07-26-at-13-45-15-CYH-News.png","width":327,"height":75,"caption":"Blog C&amp;H News"},"image":{"@id":"http:\/\/grupocyh.com\/blog\/#\/schema\/logo\/image\/"}},{"@type":"Person","@id":"http:\/\/grupocyh.com\/blog\/#\/schema\/person\/cb26059294aefa3f8125a8085a8b544e","name":"admin","image":{"@type":"ImageObject","inLanguage":"es","@id":"http:\/\/grupocyh.com\/blog\/#\/schema\/person\/image\/","url":"https:\/\/secure.gravatar.com\/avatar\/5fc43d77ff1bf3c82b9e6d27382b9e4c?s=96&d=mm&r=g","contentUrl":"https:\/\/secure.gravatar.com\/avatar\/5fc43d77ff1bf3c82b9e6d27382b9e4c?s=96&d=mm&r=g","caption":"admin"},"sameAs":["http:\/\/grupocyh.com\/blog"],"url":"https:\/\/grupocyh.com\/blog\/author\/admin\/"}]}},"_links":{"self":[{"href":"https:\/\/grupocyh.com\/blog\/wp-json\/wp\/v2\/posts\/854","targetHints":{"allow":["GET"]}}],"collection":[{"href":"https:\/\/grupocyh.com\/blog\/wp-json\/wp\/v2\/posts"}],"about":[{"href":"https:\/\/grupocyh.com\/blog\/wp-json\/wp\/v2\/types\/post"}],"author":[{"embeddable":true,"href":"https:\/\/grupocyh.com\/blog\/wp-json\/wp\/v2\/users\/1"}],"replies":[{"embeddable":true,"href":"https:\/\/grupocyh.com\/blog\/wp-json\/wp\/v2\/comments?post=854"}],"version-history":[{"count":1,"href":"https:\/\/grupocyh.com\/blog\/wp-json\/wp\/v2\/posts\/854\/revisions"}],"predecessor-version":[{"id":856,"href":"https:\/\/grupocyh.com\/blog\/wp-json\/wp\/v2\/posts\/854\/revisions\/856"}],"wp:featuredmedia":[{"embeddable":true,"href":"https:\/\/grupocyh.com\/blog\/wp-json\/wp\/v2\/media\/855"}],"wp:attachment":[{"href":"https:\/\/grupocyh.com\/blog\/wp-json\/wp\/v2\/media?parent=854"}],"wp:term":[{"taxonomy":"category","embeddable":true,"href":"https:\/\/grupocyh.com\/blog\/wp-json\/wp\/v2\/categories?post=854"},{"taxonomy":"post_tag","embeddable":true,"href":"https:\/\/grupocyh.com\/blog\/wp-json\/wp\/v2\/tags?post=854"}],"curies":[{"name":"wp","href":"https:\/\/api.w.org\/{rel}","templated":true}]}}