{"id":818,"date":"2024-04-10T15:10:02","date_gmt":"2024-04-10T15:10:02","guid":{"rendered":"https:\/\/grupocyh.com\/blog\/?p=818"},"modified":"2024-04-10T15:10:03","modified_gmt":"2024-04-10T15:10:03","slug":"en-queretaro-no-se-aplica-el-programa-hoy-no-circula","status":"publish","type":"post","link":"https:\/\/grupocyh.com\/blog\/uncategorized\/en-queretaro-no-se-aplica-el-programa-hoy-no-circula\/","title":{"rendered":"En Quer\u00e9taro no se aplica el programa Hoy No Circula"},"content":{"rendered":"\n<p>Derivado de la publicaci\u00f3n del pasado 29 de marzo en la Sombra de Arteaga, acuerdo por el cual se emiten los lineamientos y acciones a ejecutar durante un episodio de contingencia ambiental por ozono (O3) en el estado de Quer\u00e9taro, se informa a la poblaci\u00f3n lo siguiente:<\/p>\n\n\n\n<p>No se encuentra vigente alg\u00fan programa de restricci\u00f3n vehicular, conocido como \u00abHoy No Circula\u00bb.<\/p>\n\n\n\n<p>En el acuerdo publicado se determina cu\u00e1ndo se debe declarar contingencia ambiental por altas concentraciones de Ozono y cu\u00e1l debe ser el actuar de la autoridad.<\/p>\n\n\n\n<p>Ser\u00edan diferentes medidas y herramientas las que se estar\u00edan optando en caso de contingencia ambiental, mismas que deber\u00e1n ser aprobadas por el Comit\u00e9 de Alerta Temprana en Salud Ambiental (CATSA), previa sesi\u00f3n de sus integrantes y se har\u00e1 del conocimiento de los queretanos con la oportunidad necesaria.<\/p>\n\n\n\n<p>La publicaci\u00f3n en el Peri\u00f3dico Oficial del Gobierno del Estado sigue la instrucci\u00f3n del Gobernador, para informar de manera transparente a la poblaci\u00f3n el actuar de las autoridades.<\/p>\n","protected":false},"excerpt":{"rendered":"<p>Derivado de la publicaci\u00f3n del pasado 29 de marzo en la Sombra de Arteaga, acuerdo por el cual se emiten los lineamientos y acciones a ejecutar durante un episodio de contingencia ambiental por ozono (O3) en el estado de Quer\u00e9taro, se informa a la poblaci\u00f3n lo siguiente: No se encuentra vigente alg\u00fan programa de restricci\u00f3n [&hellip;]<\/p>\n","protected":false},"author":1,"featured_media":819,"comment_status":"closed","ping_status":"closed","sticky":false,"template":"","format":"standard","meta":{"footnotes":""},"categories":[1],"tags":[],"class_list":["post-818","post","type-post","status-publish","format-standard","has-post-thumbnail","hentry","category-uncategorized"],"yoast_head":"<!-- This site is optimized with the Yoast SEO plugin v20.12 - https:\/\/yoast.com\/wordpress\/plugins\/seo\/ -->\n<title>En Quer\u00e9taro no se aplica el programa Hoy No Circula - Blog C&amp;H News<\/title>\n<meta name=\"robots\" content=\"index, follow, max-snippet:-1, max-image-preview:large, max-video-preview:-1\" \/>\n<link rel=\"canonical\" href=\"http:\/\/grupocyh.com\/blog\/uncategorized\/en-queretaro-no-se-aplica-el-programa-hoy-no-circula\/\" \/>\n<meta property=\"og:locale\" content=\"es_ES\" \/>\n<meta property=\"og:type\" content=\"article\" \/>\n<meta property=\"og:title\" content=\"En Quer\u00e9taro no se aplica el programa Hoy No Circula - Blog C&amp;H News\" \/>\n<meta property=\"og:description\" content=\"Derivado de la publicaci\u00f3n del pasado 29 de marzo en la Sombra de Arteaga, acuerdo por el cual se emiten los lineamientos y acciones a ejecutar durante un episodio de contingencia ambiental por ozono (O3) en el estado de Quer\u00e9taro, se informa a la poblaci\u00f3n lo siguiente: No se encuentra vigente alg\u00fan programa de restricci\u00f3n [&hellip;]\" \/>\n<meta property=\"og:url\" content=\"http:\/\/grupocyh.com\/blog\/uncategorized\/en-queretaro-no-se-aplica-el-programa-hoy-no-circula\/\" \/>\n<meta property=\"og:site_name\" content=\"Blog C&amp;H News\" \/>\n<meta property=\"article:published_time\" content=\"2024-04-10T15:10:02+00:00\" \/>\n<meta property=\"article:modified_time\" content=\"2024-04-10T15:10:03+00:00\" \/>\n<meta property=\"og:image\" content=\"http:\/\/grupocyh.com\/blog\/wp-content\/uploads\/2024\/04\/Screenshot-2024-04-10-at-09-09-38-hoy_no_circula_querxtaro.jpg_466078407.jpg-WEBP-Imagen-640-\u00d7-366-pixeles.png\" \/>\n\t<meta property=\"og:image:width\" content=\"640\" \/>\n\t<meta property=\"og:image:height\" content=\"366\" \/>\n\t<meta property=\"og:image:type\" content=\"image\/png\" \/>\n<meta name=\"author\" content=\"admin\" \/>\n<meta name=\"twitter:card\" content=\"summary_large_image\" \/>\n<meta name=\"twitter:label1\" content=\"Escrito por\" \/>\n\t<meta name=\"twitter:data1\" content=\"admin\" \/>\n\t<meta name=\"twitter:label2\" content=\"Tiempo de lectura\" \/>\n\t<meta name=\"twitter:data2\" content=\"1 minuto\" \/>\n<script type=\"application\/ld+json\" class=\"yoast-schema-graph\">{\"@context\":\"https:\/\/schema.org\",\"@graph\":[{\"@type\":\"Article\",\"@id\":\"http:\/\/grupocyh.com\/blog\/uncategorized\/en-queretaro-no-se-aplica-el-programa-hoy-no-circula\/#article\",\"isPartOf\":{\"@id\":\"http:\/\/grupocyh.com\/blog\/uncategorized\/en-queretaro-no-se-aplica-el-programa-hoy-no-circula\/\"},\"author\":{\"name\":\"admin\",\"@id\":\"http:\/\/grupocyh.com\/blog\/#\/schema\/person\/cb26059294aefa3f8125a8085a8b544e\"},\"headline\":\"En Quer\u00e9taro no se aplica el programa Hoy No Circula\",\"datePublished\":\"2024-04-10T15:10:02+00:00\",\"dateModified\":\"2024-04-10T15:10:03+00:00\",\"mainEntityOfPage\":{\"@id\":\"http:\/\/grupocyh.com\/blog\/uncategorized\/en-queretaro-no-se-aplica-el-programa-hoy-no-circula\/\"},\"wordCount\":187,\"publisher\":{\"@id\":\"http:\/\/grupocyh.com\/blog\/#organization\"},\"inLanguage\":\"es\"},{\"@type\":\"WebPage\",\"@id\":\"http:\/\/grupocyh.com\/blog\/uncategorized\/en-queretaro-no-se-aplica-el-programa-hoy-no-circula\/\",\"url\":\"http:\/\/grupocyh.com\/blog\/uncategorized\/en-queretaro-no-se-aplica-el-programa-hoy-no-circula\/\",\"name\":\"En Quer\u00e9taro no se aplica el programa Hoy No Circula - Blog C&amp;H News\",\"isPartOf\":{\"@id\":\"http:\/\/grupocyh.com\/blog\/#website\"},\"datePublished\":\"2024-04-10T15:10:02+00:00\",\"dateModified\":\"2024-04-10T15:10:03+00:00\",\"breadcrumb\":{\"@id\":\"http:\/\/grupocyh.com\/blog\/uncategorized\/en-queretaro-no-se-aplica-el-programa-hoy-no-circula\/#breadcrumb\"},\"inLanguage\":\"es\",\"potentialAction\":[{\"@type\":\"ReadAction\",\"target\":[\"http:\/\/grupocyh.com\/blog\/uncategorized\/en-queretaro-no-se-aplica-el-programa-hoy-no-circula\/\"]}]},{\"@type\":\"BreadcrumbList\",\"@id\":\"http:\/\/grupocyh.com\/blog\/uncategorized\/en-queretaro-no-se-aplica-el-programa-hoy-no-circula\/#breadcrumb\",\"itemListElement\":[{\"@type\":\"ListItem\",\"position\":1,\"name\":\"Portada\",\"item\":\"http:\/\/grupocyh.com\/blog\/\"},{\"@type\":\"ListItem\",\"position\":2,\"name\":\"En Quer\u00e9taro no se aplica el programa Hoy No Circula\"}]},{\"@type\":\"WebSite\",\"@id\":\"http:\/\/grupocyh.com\/blog\/#website\",\"url\":\"http:\/\/grupocyh.com\/blog\/\",\"name\":\"Blog C&amp;H News\",\"description\":\"C&amp;H News\",\"publisher\":{\"@id\":\"http:\/\/grupocyh.com\/blog\/#organization\"},\"potentialAction\":[{\"@type\":\"SearchAction\",\"target\":{\"@type\":\"EntryPoint\",\"urlTemplate\":\"http:\/\/grupocyh.com\/blog\/?s={search_term_string}\"},\"query-input\":\"required name=search_term_string\"}],\"inLanguage\":\"es\"},{\"@type\":\"Organization\",\"@id\":\"http:\/\/grupocyh.com\/blog\/#organization\",\"name\":\"Blog C&amp;H News\",\"url\":\"http:\/\/grupocyh.com\/blog\/\",\"logo\":{\"@type\":\"ImageObject\",\"inLanguage\":\"es\",\"@id\":\"http:\/\/grupocyh.com\/blog\/#\/schema\/logo\/image\/\",\"url\":\"https:\/\/grupocyh.com\/blog\/wp-content\/uploads\/2023\/07\/cropped-Screenshot-2023-07-26-at-13-45-15-CYH-News.png\",\"contentUrl\":\"https:\/\/grupocyh.com\/blog\/wp-content\/uploads\/2023\/07\/cropped-Screenshot-2023-07-26-at-13-45-15-CYH-News.png\",\"width\":327,\"height\":75,\"caption\":\"Blog C&amp;H News\"},\"image\":{\"@id\":\"http:\/\/grupocyh.com\/blog\/#\/schema\/logo\/image\/\"}},{\"@type\":\"Person\",\"@id\":\"http:\/\/grupocyh.com\/blog\/#\/schema\/person\/cb26059294aefa3f8125a8085a8b544e\",\"name\":\"admin\",\"image\":{\"@type\":\"ImageObject\",\"inLanguage\":\"es\",\"@id\":\"http:\/\/grupocyh.com\/blog\/#\/schema\/person\/image\/\",\"url\":\"https:\/\/secure.gravatar.com\/avatar\/5fc43d77ff1bf3c82b9e6d27382b9e4c?s=96&d=mm&r=g\",\"contentUrl\":\"https:\/\/secure.gravatar.com\/avatar\/5fc43d77ff1bf3c82b9e6d27382b9e4c?s=96&d=mm&r=g\",\"caption\":\"admin\"},\"sameAs\":[\"http:\/\/grupocyh.com\/blog\"],\"url\":\"https:\/\/grupocyh.com\/blog\/author\/admin\/\"}]}<\/script>\n<!-- \/ Yoast SEO plugin. -->","yoast_head_json":{"title":"En Quer\u00e9taro no se aplica el programa Hoy No Circula - Blog C&amp;H News","robots":{"index":"index","follow":"follow","max-snippet":"max-snippet:-1","max-image-preview":"max-image-preview:large","max-video-preview":"max-video-preview:-1"},"canonical":"http:\/\/grupocyh.com\/blog\/uncategorized\/en-queretaro-no-se-aplica-el-programa-hoy-no-circula\/","og_locale":"es_ES","og_type":"article","og_title":"En Quer\u00e9taro no se aplica el programa Hoy No Circula - Blog C&amp;H News","og_description":"Derivado de la publicaci\u00f3n del pasado 29 de marzo en la Sombra de Arteaga, acuerdo por el cual se emiten los lineamientos y acciones a ejecutar durante un episodio de contingencia ambiental por ozono (O3) en el estado de Quer\u00e9taro, se informa a la poblaci\u00f3n lo siguiente: No se encuentra vigente alg\u00fan programa de restricci\u00f3n [&hellip;]","og_url":"http:\/\/grupocyh.com\/blog\/uncategorized\/en-queretaro-no-se-aplica-el-programa-hoy-no-circula\/","og_site_name":"Blog C&amp;H News","article_published_time":"2024-04-10T15:10:02+00:00","article_modified_time":"2024-04-10T15:10:03+00:00","og_image":[{"width":640,"height":366,"url":"http:\/\/grupocyh.com\/blog\/wp-content\/uploads\/2024\/04\/Screenshot-2024-04-10-at-09-09-38-hoy_no_circula_querxtaro.jpg_466078407.jpg-WEBP-Imagen-640-\u00d7-366-pixeles.png","type":"image\/png"}],"author":"admin","twitter_card":"summary_large_image","twitter_misc":{"Escrito por":"admin","Tiempo de lectura":"1 minuto"},"schema":{"@context":"https:\/\/schema.org","@graph":[{"@type":"Article","@id":"http:\/\/grupocyh.com\/blog\/uncategorized\/en-queretaro-no-se-aplica-el-programa-hoy-no-circula\/#article","isPartOf":{"@id":"http:\/\/grupocyh.com\/blog\/uncategorized\/en-queretaro-no-se-aplica-el-programa-hoy-no-circula\/"},"author":{"name":"admin","@id":"http:\/\/grupocyh.com\/blog\/#\/schema\/person\/cb26059294aefa3f8125a8085a8b544e"},"headline":"En Quer\u00e9taro no se aplica el programa Hoy No Circula","datePublished":"2024-04-10T15:10:02+00:00","dateModified":"2024-04-10T15:10:03+00:00","mainEntityOfPage":{"@id":"http:\/\/grupocyh.com\/blog\/uncategorized\/en-queretaro-no-se-aplica-el-programa-hoy-no-circula\/"},"wordCount":187,"publisher":{"@id":"http:\/\/grupocyh.com\/blog\/#organization"},"inLanguage":"es"},{"@type":"WebPage","@id":"http:\/\/grupocyh.com\/blog\/uncategorized\/en-queretaro-no-se-aplica-el-programa-hoy-no-circula\/","url":"http:\/\/grupocyh.com\/blog\/uncategorized\/en-queretaro-no-se-aplica-el-programa-hoy-no-circula\/","name":"En Quer\u00e9taro no se aplica el programa Hoy No Circula - Blog C&amp;H News","isPartOf":{"@id":"http:\/\/grupocyh.com\/blog\/#website"},"datePublished":"2024-04-10T15:10:02+00:00","dateModified":"2024-04-10T15:10:03+00:00","breadcrumb":{"@id":"http:\/\/grupocyh.com\/blog\/uncategorized\/en-queretaro-no-se-aplica-el-programa-hoy-no-circula\/#breadcrumb"},"inLanguage":"es","potentialAction":[{"@type":"ReadAction","target":["http:\/\/grupocyh.com\/blog\/uncategorized\/en-queretaro-no-se-aplica-el-programa-hoy-no-circula\/"]}]},{"@type":"BreadcrumbList","@id":"http:\/\/grupocyh.com\/blog\/uncategorized\/en-queretaro-no-se-aplica-el-programa-hoy-no-circula\/#breadcrumb","itemListElement":[{"@type":"ListItem","position":1,"name":"Portada","item":"http:\/\/grupocyh.com\/blog\/"},{"@type":"ListItem","position":2,"name":"En Quer\u00e9taro no se aplica el programa Hoy No Circula"}]},{"@type":"WebSite","@id":"http:\/\/grupocyh.com\/blog\/#website","url":"http:\/\/grupocyh.com\/blog\/","name":"Blog C&amp;H News","description":"C&amp;H News","publisher":{"@id":"http:\/\/grupocyh.com\/blog\/#organization"},"potentialAction":[{"@type":"SearchAction","target":{"@type":"EntryPoint","urlTemplate":"http:\/\/grupocyh.com\/blog\/?s={search_term_string}"},"query-input":"required name=search_term_string"}],"inLanguage":"es"},{"@type":"Organization","@id":"http:\/\/grupocyh.com\/blog\/#organization","name":"Blog C&amp;H News","url":"http:\/\/grupocyh.com\/blog\/","logo":{"@type":"ImageObject","inLanguage":"es","@id":"http:\/\/grupocyh.com\/blog\/#\/schema\/logo\/image\/","url":"https:\/\/grupocyh.com\/blog\/wp-content\/uploads\/2023\/07\/cropped-Screenshot-2023-07-26-at-13-45-15-CYH-News.png","contentUrl":"https:\/\/grupocyh.com\/blog\/wp-content\/uploads\/2023\/07\/cropped-Screenshot-2023-07-26-at-13-45-15-CYH-News.png","width":327,"height":75,"caption":"Blog C&amp;H News"},"image":{"@id":"http:\/\/grupocyh.com\/blog\/#\/schema\/logo\/image\/"}},{"@type":"Person","@id":"http:\/\/grupocyh.com\/blog\/#\/schema\/person\/cb26059294aefa3f8125a8085a8b544e","name":"admin","image":{"@type":"ImageObject","inLanguage":"es","@id":"http:\/\/grupocyh.com\/blog\/#\/schema\/person\/image\/","url":"https:\/\/secure.gravatar.com\/avatar\/5fc43d77ff1bf3c82b9e6d27382b9e4c?s=96&d=mm&r=g","contentUrl":"https:\/\/secure.gravatar.com\/avatar\/5fc43d77ff1bf3c82b9e6d27382b9e4c?s=96&d=mm&r=g","caption":"admin"},"sameAs":["http:\/\/grupocyh.com\/blog"],"url":"https:\/\/grupocyh.com\/blog\/author\/admin\/"}]}},"_links":{"self":[{"href":"https:\/\/grupocyh.com\/blog\/wp-json\/wp\/v2\/posts\/818","targetHints":{"allow":["GET"]}}],"collection":[{"href":"https:\/\/grupocyh.com\/blog\/wp-json\/wp\/v2\/posts"}],"about":[{"href":"https:\/\/grupocyh.com\/blog\/wp-json\/wp\/v2\/types\/post"}],"author":[{"embeddable":true,"href":"https:\/\/grupocyh.com\/blog\/wp-json\/wp\/v2\/users\/1"}],"replies":[{"embeddable":true,"href":"https:\/\/grupocyh.com\/blog\/wp-json\/wp\/v2\/comments?post=818"}],"version-history":[{"count":1,"href":"https:\/\/grupocyh.com\/blog\/wp-json\/wp\/v2\/posts\/818\/revisions"}],"predecessor-version":[{"id":820,"href":"https:\/\/grupocyh.com\/blog\/wp-json\/wp\/v2\/posts\/818\/revisions\/820"}],"wp:featuredmedia":[{"embeddable":true,"href":"https:\/\/grupocyh.com\/blog\/wp-json\/wp\/v2\/media\/819"}],"wp:attachment":[{"href":"https:\/\/grupocyh.com\/blog\/wp-json\/wp\/v2\/media?parent=818"}],"wp:term":[{"taxonomy":"category","embeddable":true,"href":"https:\/\/grupocyh.com\/blog\/wp-json\/wp\/v2\/categories?post=818"},{"taxonomy":"post_tag","embeddable":true,"href":"https:\/\/grupocyh.com\/blog\/wp-json\/wp\/v2\/tags?post=818"}],"curies":[{"name":"wp","href":"https:\/\/api.w.org\/{rel}","templated":true}]}}