{"id":798,"date":"2024-04-01T16:35:22","date_gmt":"2024-04-01T16:35:22","guid":{"rendered":"https:\/\/grupocyh.com\/blog\/?p=798"},"modified":"2024-04-01T16:35:23","modified_gmt":"2024-04-01T16:35:23","slug":"holcim-en-mexico-anuncio-la-adquisicion-de-dos-plantas-de-concreto-de-la-empresa-mexicana-grupo-comosa-en-queretaro","status":"publish","type":"post","link":"https:\/\/grupocyh.com\/blog\/negocios2\/holcim-en-mexico-anuncio-la-adquisicion-de-dos-plantas-de-concreto-de-la-empresa-mexicana-grupo-comosa-en-queretaro\/","title":{"rendered":"Holcim en M\u00e9xico anunci\u00f3 la adquisici\u00f3n de dos plantas de concreto de la empresa mexicana Grupo COMOSA en Quer\u00e9taro"},"content":{"rendered":"\n<p>Con esta inversi\u00f3n busca fortalecer la presencia de Holcim en el mercado mexicano, donde ya cuenta con 70 plantas de concreto premezclado.<\/p>\n\n\n\n<p>Con una capacidad combinada de 120 metros c\u00fabicos por hora (m3\/h), la empresa pretende duplicar con las nuevas instalaciones su producci\u00f3n actual en Quer\u00e9taro hasta alcanzar un total de 36,000 m3 de concreto al mes.<\/p>\n","protected":false},"excerpt":{"rendered":"<p>Con esta inversi\u00f3n busca fortalecer la presencia de Holcim en el mercado mexicano, donde ya cuenta con 70 plantas de concreto premezclado. Con una capacidad combinada de 120 metros c\u00fabicos por hora (m3\/h), la empresa pretende duplicar con las nuevas instalaciones su producci\u00f3n actual en Quer\u00e9taro hasta alcanzar un total de 36,000 m3 de concreto [&hellip;]<\/p>\n","protected":false},"author":1,"featured_media":799,"comment_status":"closed","ping_status":"closed","sticky":false,"template":"","format":"standard","meta":{"footnotes":""},"categories":[32],"tags":[],"class_list":["post-798","post","type-post","status-publish","format-standard","has-post-thumbnail","hentry","category-negocios2"],"yoast_head":"<!-- This site is optimized with the Yoast SEO plugin v20.12 - https:\/\/yoast.com\/wordpress\/plugins\/seo\/ -->\n<title>Holcim en M\u00e9xico anunci\u00f3 la adquisici\u00f3n de dos plantas de concreto de la empresa mexicana Grupo COMOSA en Quer\u00e9taro - Blog C&amp;H News<\/title>\n<meta name=\"robots\" content=\"index, follow, max-snippet:-1, max-image-preview:large, max-video-preview:-1\" \/>\n<link rel=\"canonical\" href=\"https:\/\/grupocyh.com\/blog\/negocios2\/holcim-en-mexico-anuncio-la-adquisicion-de-dos-plantas-de-concreto-de-la-empresa-mexicana-grupo-comosa-en-queretaro\/\" \/>\n<meta property=\"og:locale\" content=\"es_ES\" \/>\n<meta property=\"og:type\" content=\"article\" \/>\n<meta property=\"og:title\" content=\"Holcim en M\u00e9xico anunci\u00f3 la adquisici\u00f3n de dos plantas de concreto de la empresa mexicana Grupo COMOSA en Quer\u00e9taro - Blog C&amp;H News\" \/>\n<meta property=\"og:description\" content=\"Con esta inversi\u00f3n busca fortalecer la presencia de Holcim en el mercado mexicano, donde ya cuenta con 70 plantas de concreto premezclado. Con una capacidad combinada de 120 metros c\u00fabicos por hora (m3\/h), la empresa pretende duplicar con las nuevas instalaciones su producci\u00f3n actual en Quer\u00e9taro hasta alcanzar un total de 36,000 m3 de concreto [&hellip;]\" \/>\n<meta property=\"og:url\" content=\"https:\/\/grupocyh.com\/blog\/negocios2\/holcim-en-mexico-anuncio-la-adquisicion-de-dos-plantas-de-concreto-de-la-empresa-mexicana-grupo-comosa-en-queretaro\/\" \/>\n<meta property=\"og:site_name\" content=\"Blog C&amp;H News\" \/>\n<meta property=\"article:published_time\" content=\"2024-04-01T16:35:22+00:00\" \/>\n<meta property=\"article:modified_time\" content=\"2024-04-01T16:35:23+00:00\" \/>\n<meta property=\"og:image\" content=\"https:\/\/grupocyh.com\/blog\/wp-content\/uploads\/2024\/04\/Holcim-scaled-1.jpeg\" \/>\n\t<meta property=\"og:image:width\" content=\"2560\" \/>\n\t<meta property=\"og:image:height\" content=\"1438\" \/>\n\t<meta property=\"og:image:type\" content=\"image\/jpeg\" \/>\n<meta name=\"author\" content=\"admin\" \/>\n<meta name=\"twitter:card\" content=\"summary_large_image\" \/>\n<meta name=\"twitter:label1\" content=\"Escrito por\" \/>\n\t<meta name=\"twitter:data1\" content=\"admin\" \/>\n\t<meta name=\"twitter:label2\" content=\"Tiempo de lectura\" \/>\n\t<meta name=\"twitter:data2\" content=\"1 minuto\" \/>\n<script type=\"application\/ld+json\" class=\"yoast-schema-graph\">{\"@context\":\"https:\/\/schema.org\",\"@graph\":[{\"@type\":\"Article\",\"@id\":\"https:\/\/grupocyh.com\/blog\/negocios2\/holcim-en-mexico-anuncio-la-adquisicion-de-dos-plantas-de-concreto-de-la-empresa-mexicana-grupo-comosa-en-queretaro\/#article\",\"isPartOf\":{\"@id\":\"https:\/\/grupocyh.com\/blog\/negocios2\/holcim-en-mexico-anuncio-la-adquisicion-de-dos-plantas-de-concreto-de-la-empresa-mexicana-grupo-comosa-en-queretaro\/\"},\"author\":{\"name\":\"admin\",\"@id\":\"http:\/\/grupocyh.com\/blog\/#\/schema\/person\/cb26059294aefa3f8125a8085a8b544e\"},\"headline\":\"Holcim en M\u00e9xico anunci\u00f3 la adquisici\u00f3n de dos plantas de concreto de la empresa mexicana Grupo COMOSA en Quer\u00e9taro\",\"datePublished\":\"2024-04-01T16:35:22+00:00\",\"dateModified\":\"2024-04-01T16:35:23+00:00\",\"mainEntityOfPage\":{\"@id\":\"https:\/\/grupocyh.com\/blog\/negocios2\/holcim-en-mexico-anuncio-la-adquisicion-de-dos-plantas-de-concreto-de-la-empresa-mexicana-grupo-comosa-en-queretaro\/\"},\"wordCount\":81,\"publisher\":{\"@id\":\"http:\/\/grupocyh.com\/blog\/#organization\"},\"articleSection\":[\"Negocios2\"],\"inLanguage\":\"es\"},{\"@type\":\"WebPage\",\"@id\":\"https:\/\/grupocyh.com\/blog\/negocios2\/holcim-en-mexico-anuncio-la-adquisicion-de-dos-plantas-de-concreto-de-la-empresa-mexicana-grupo-comosa-en-queretaro\/\",\"url\":\"https:\/\/grupocyh.com\/blog\/negocios2\/holcim-en-mexico-anuncio-la-adquisicion-de-dos-plantas-de-concreto-de-la-empresa-mexicana-grupo-comosa-en-queretaro\/\",\"name\":\"Holcim en M\u00e9xico anunci\u00f3 la adquisici\u00f3n de dos plantas de concreto de la empresa mexicana Grupo COMOSA en Quer\u00e9taro - Blog C&amp;H News\",\"isPartOf\":{\"@id\":\"http:\/\/grupocyh.com\/blog\/#website\"},\"datePublished\":\"2024-04-01T16:35:22+00:00\",\"dateModified\":\"2024-04-01T16:35:23+00:00\",\"breadcrumb\":{\"@id\":\"https:\/\/grupocyh.com\/blog\/negocios2\/holcim-en-mexico-anuncio-la-adquisicion-de-dos-plantas-de-concreto-de-la-empresa-mexicana-grupo-comosa-en-queretaro\/#breadcrumb\"},\"inLanguage\":\"es\",\"potentialAction\":[{\"@type\":\"ReadAction\",\"target\":[\"https:\/\/grupocyh.com\/blog\/negocios2\/holcim-en-mexico-anuncio-la-adquisicion-de-dos-plantas-de-concreto-de-la-empresa-mexicana-grupo-comosa-en-queretaro\/\"]}]},{\"@type\":\"BreadcrumbList\",\"@id\":\"https:\/\/grupocyh.com\/blog\/negocios2\/holcim-en-mexico-anuncio-la-adquisicion-de-dos-plantas-de-concreto-de-la-empresa-mexicana-grupo-comosa-en-queretaro\/#breadcrumb\",\"itemListElement\":[{\"@type\":\"ListItem\",\"position\":1,\"name\":\"Portada\",\"item\":\"http:\/\/grupocyh.com\/blog\/\"},{\"@type\":\"ListItem\",\"position\":2,\"name\":\"Holcim en M\u00e9xico anunci\u00f3 la adquisici\u00f3n de dos plantas de concreto de la empresa mexicana Grupo COMOSA en Quer\u00e9taro\"}]},{\"@type\":\"WebSite\",\"@id\":\"http:\/\/grupocyh.com\/blog\/#website\",\"url\":\"http:\/\/grupocyh.com\/blog\/\",\"name\":\"Blog C&amp;H News\",\"description\":\"C&amp;H News\",\"publisher\":{\"@id\":\"http:\/\/grupocyh.com\/blog\/#organization\"},\"potentialAction\":[{\"@type\":\"SearchAction\",\"target\":{\"@type\":\"EntryPoint\",\"urlTemplate\":\"http:\/\/grupocyh.com\/blog\/?s={search_term_string}\"},\"query-input\":\"required name=search_term_string\"}],\"inLanguage\":\"es\"},{\"@type\":\"Organization\",\"@id\":\"http:\/\/grupocyh.com\/blog\/#organization\",\"name\":\"Blog C&amp;H News\",\"url\":\"http:\/\/grupocyh.com\/blog\/\",\"logo\":{\"@type\":\"ImageObject\",\"inLanguage\":\"es\",\"@id\":\"http:\/\/grupocyh.com\/blog\/#\/schema\/logo\/image\/\",\"url\":\"https:\/\/grupocyh.com\/blog\/wp-content\/uploads\/2023\/07\/cropped-Screenshot-2023-07-26-at-13-45-15-CYH-News.png\",\"contentUrl\":\"https:\/\/grupocyh.com\/blog\/wp-content\/uploads\/2023\/07\/cropped-Screenshot-2023-07-26-at-13-45-15-CYH-News.png\",\"width\":327,\"height\":75,\"caption\":\"Blog C&amp;H News\"},\"image\":{\"@id\":\"http:\/\/grupocyh.com\/blog\/#\/schema\/logo\/image\/\"}},{\"@type\":\"Person\",\"@id\":\"http:\/\/grupocyh.com\/blog\/#\/schema\/person\/cb26059294aefa3f8125a8085a8b544e\",\"name\":\"admin\",\"image\":{\"@type\":\"ImageObject\",\"inLanguage\":\"es\",\"@id\":\"http:\/\/grupocyh.com\/blog\/#\/schema\/person\/image\/\",\"url\":\"https:\/\/secure.gravatar.com\/avatar\/5fc43d77ff1bf3c82b9e6d27382b9e4c?s=96&d=mm&r=g\",\"contentUrl\":\"https:\/\/secure.gravatar.com\/avatar\/5fc43d77ff1bf3c82b9e6d27382b9e4c?s=96&d=mm&r=g\",\"caption\":\"admin\"},\"sameAs\":[\"http:\/\/grupocyh.com\/blog\"],\"url\":\"https:\/\/grupocyh.com\/blog\/author\/admin\/\"}]}<\/script>\n<!-- \/ Yoast SEO plugin. -->","yoast_head_json":{"title":"Holcim en M\u00e9xico anunci\u00f3 la adquisici\u00f3n de dos plantas de concreto de la empresa mexicana Grupo COMOSA en Quer\u00e9taro - Blog C&amp;H News","robots":{"index":"index","follow":"follow","max-snippet":"max-snippet:-1","max-image-preview":"max-image-preview:large","max-video-preview":"max-video-preview:-1"},"canonical":"https:\/\/grupocyh.com\/blog\/negocios2\/holcim-en-mexico-anuncio-la-adquisicion-de-dos-plantas-de-concreto-de-la-empresa-mexicana-grupo-comosa-en-queretaro\/","og_locale":"es_ES","og_type":"article","og_title":"Holcim en M\u00e9xico anunci\u00f3 la adquisici\u00f3n de dos plantas de concreto de la empresa mexicana Grupo COMOSA en Quer\u00e9taro - Blog C&amp;H News","og_description":"Con esta inversi\u00f3n busca fortalecer la presencia de Holcim en el mercado mexicano, donde ya cuenta con 70 plantas de concreto premezclado. Con una capacidad combinada de 120 metros c\u00fabicos por hora (m3\/h), la empresa pretende duplicar con las nuevas instalaciones su producci\u00f3n actual en Quer\u00e9taro hasta alcanzar un total de 36,000 m3 de concreto [&hellip;]","og_url":"https:\/\/grupocyh.com\/blog\/negocios2\/holcim-en-mexico-anuncio-la-adquisicion-de-dos-plantas-de-concreto-de-la-empresa-mexicana-grupo-comosa-en-queretaro\/","og_site_name":"Blog C&amp;H News","article_published_time":"2024-04-01T16:35:22+00:00","article_modified_time":"2024-04-01T16:35:23+00:00","og_image":[{"width":2560,"height":1438,"url":"https:\/\/grupocyh.com\/blog\/wp-content\/uploads\/2024\/04\/Holcim-scaled-1.jpeg","type":"image\/jpeg"}],"author":"admin","twitter_card":"summary_large_image","twitter_misc":{"Escrito por":"admin","Tiempo de lectura":"1 minuto"},"schema":{"@context":"https:\/\/schema.org","@graph":[{"@type":"Article","@id":"https:\/\/grupocyh.com\/blog\/negocios2\/holcim-en-mexico-anuncio-la-adquisicion-de-dos-plantas-de-concreto-de-la-empresa-mexicana-grupo-comosa-en-queretaro\/#article","isPartOf":{"@id":"https:\/\/grupocyh.com\/blog\/negocios2\/holcim-en-mexico-anuncio-la-adquisicion-de-dos-plantas-de-concreto-de-la-empresa-mexicana-grupo-comosa-en-queretaro\/"},"author":{"name":"admin","@id":"http:\/\/grupocyh.com\/blog\/#\/schema\/person\/cb26059294aefa3f8125a8085a8b544e"},"headline":"Holcim en M\u00e9xico anunci\u00f3 la adquisici\u00f3n de dos plantas de concreto de la empresa mexicana Grupo COMOSA en Quer\u00e9taro","datePublished":"2024-04-01T16:35:22+00:00","dateModified":"2024-04-01T16:35:23+00:00","mainEntityOfPage":{"@id":"https:\/\/grupocyh.com\/blog\/negocios2\/holcim-en-mexico-anuncio-la-adquisicion-de-dos-plantas-de-concreto-de-la-empresa-mexicana-grupo-comosa-en-queretaro\/"},"wordCount":81,"publisher":{"@id":"http:\/\/grupocyh.com\/blog\/#organization"},"articleSection":["Negocios2"],"inLanguage":"es"},{"@type":"WebPage","@id":"https:\/\/grupocyh.com\/blog\/negocios2\/holcim-en-mexico-anuncio-la-adquisicion-de-dos-plantas-de-concreto-de-la-empresa-mexicana-grupo-comosa-en-queretaro\/","url":"https:\/\/grupocyh.com\/blog\/negocios2\/holcim-en-mexico-anuncio-la-adquisicion-de-dos-plantas-de-concreto-de-la-empresa-mexicana-grupo-comosa-en-queretaro\/","name":"Holcim en M\u00e9xico anunci\u00f3 la adquisici\u00f3n de dos plantas de concreto de la empresa mexicana Grupo COMOSA en Quer\u00e9taro - Blog C&amp;H News","isPartOf":{"@id":"http:\/\/grupocyh.com\/blog\/#website"},"datePublished":"2024-04-01T16:35:22+00:00","dateModified":"2024-04-01T16:35:23+00:00","breadcrumb":{"@id":"https:\/\/grupocyh.com\/blog\/negocios2\/holcim-en-mexico-anuncio-la-adquisicion-de-dos-plantas-de-concreto-de-la-empresa-mexicana-grupo-comosa-en-queretaro\/#breadcrumb"},"inLanguage":"es","potentialAction":[{"@type":"ReadAction","target":["https:\/\/grupocyh.com\/blog\/negocios2\/holcim-en-mexico-anuncio-la-adquisicion-de-dos-plantas-de-concreto-de-la-empresa-mexicana-grupo-comosa-en-queretaro\/"]}]},{"@type":"BreadcrumbList","@id":"https:\/\/grupocyh.com\/blog\/negocios2\/holcim-en-mexico-anuncio-la-adquisicion-de-dos-plantas-de-concreto-de-la-empresa-mexicana-grupo-comosa-en-queretaro\/#breadcrumb","itemListElement":[{"@type":"ListItem","position":1,"name":"Portada","item":"http:\/\/grupocyh.com\/blog\/"},{"@type":"ListItem","position":2,"name":"Holcim en M\u00e9xico anunci\u00f3 la adquisici\u00f3n de dos plantas de concreto de la empresa mexicana Grupo COMOSA en Quer\u00e9taro"}]},{"@type":"WebSite","@id":"http:\/\/grupocyh.com\/blog\/#website","url":"http:\/\/grupocyh.com\/blog\/","name":"Blog C&amp;H News","description":"C&amp;H News","publisher":{"@id":"http:\/\/grupocyh.com\/blog\/#organization"},"potentialAction":[{"@type":"SearchAction","target":{"@type":"EntryPoint","urlTemplate":"http:\/\/grupocyh.com\/blog\/?s={search_term_string}"},"query-input":"required name=search_term_string"}],"inLanguage":"es"},{"@type":"Organization","@id":"http:\/\/grupocyh.com\/blog\/#organization","name":"Blog C&amp;H News","url":"http:\/\/grupocyh.com\/blog\/","logo":{"@type":"ImageObject","inLanguage":"es","@id":"http:\/\/grupocyh.com\/blog\/#\/schema\/logo\/image\/","url":"https:\/\/grupocyh.com\/blog\/wp-content\/uploads\/2023\/07\/cropped-Screenshot-2023-07-26-at-13-45-15-CYH-News.png","contentUrl":"https:\/\/grupocyh.com\/blog\/wp-content\/uploads\/2023\/07\/cropped-Screenshot-2023-07-26-at-13-45-15-CYH-News.png","width":327,"height":75,"caption":"Blog C&amp;H News"},"image":{"@id":"http:\/\/grupocyh.com\/blog\/#\/schema\/logo\/image\/"}},{"@type":"Person","@id":"http:\/\/grupocyh.com\/blog\/#\/schema\/person\/cb26059294aefa3f8125a8085a8b544e","name":"admin","image":{"@type":"ImageObject","inLanguage":"es","@id":"http:\/\/grupocyh.com\/blog\/#\/schema\/person\/image\/","url":"https:\/\/secure.gravatar.com\/avatar\/5fc43d77ff1bf3c82b9e6d27382b9e4c?s=96&d=mm&r=g","contentUrl":"https:\/\/secure.gravatar.com\/avatar\/5fc43d77ff1bf3c82b9e6d27382b9e4c?s=96&d=mm&r=g","caption":"admin"},"sameAs":["http:\/\/grupocyh.com\/blog"],"url":"https:\/\/grupocyh.com\/blog\/author\/admin\/"}]}},"_links":{"self":[{"href":"https:\/\/grupocyh.com\/blog\/wp-json\/wp\/v2\/posts\/798","targetHints":{"allow":["GET"]}}],"collection":[{"href":"https:\/\/grupocyh.com\/blog\/wp-json\/wp\/v2\/posts"}],"about":[{"href":"https:\/\/grupocyh.com\/blog\/wp-json\/wp\/v2\/types\/post"}],"author":[{"embeddable":true,"href":"https:\/\/grupocyh.com\/blog\/wp-json\/wp\/v2\/users\/1"}],"replies":[{"embeddable":true,"href":"https:\/\/grupocyh.com\/blog\/wp-json\/wp\/v2\/comments?post=798"}],"version-history":[{"count":1,"href":"https:\/\/grupocyh.com\/blog\/wp-json\/wp\/v2\/posts\/798\/revisions"}],"predecessor-version":[{"id":800,"href":"https:\/\/grupocyh.com\/blog\/wp-json\/wp\/v2\/posts\/798\/revisions\/800"}],"wp:featuredmedia":[{"embeddable":true,"href":"https:\/\/grupocyh.com\/blog\/wp-json\/wp\/v2\/media\/799"}],"wp:attachment":[{"href":"https:\/\/grupocyh.com\/blog\/wp-json\/wp\/v2\/media?parent=798"}],"wp:term":[{"taxonomy":"category","embeddable":true,"href":"https:\/\/grupocyh.com\/blog\/wp-json\/wp\/v2\/categories?post=798"},{"taxonomy":"post_tag","embeddable":true,"href":"https:\/\/grupocyh.com\/blog\/wp-json\/wp\/v2\/tags?post=798"}],"curies":[{"name":"wp","href":"https:\/\/api.w.org\/{rel}","templated":true}]}}