{"id":762,"date":"2024-03-12T18:27:17","date_gmt":"2024-03-12T18:27:17","guid":{"rendered":"https:\/\/grupocyh.com\/blog\/?p=762"},"modified":"2024-03-12T18:27:18","modified_gmt":"2024-03-12T18:27:18","slug":"onu-mexico-y-queretaro-fortalecen-alianzas-para-impulsar-acciones-por-el-desarrollo-sostenible","status":"publish","type":"post","link":"https:\/\/grupocyh.com\/blog\/negocios2\/onu-mexico-y-queretaro-fortalecen-alianzas-para-impulsar-acciones-por-el-desarrollo-sostenible\/","title":{"rendered":"ONU M\u00e9xico y Quer\u00e9taro fortalecen alianzas para impulsar acciones por el desarrollo sostenible"},"content":{"rendered":"\n<p>Las y los representantes de las agencias, fondos y programas de la ONU en M\u00e9xico se reunieron con el Gobernador y el gabinete del estado de Quer\u00e9taro para dialogar sobre las prioridades de desarrollo sostenible del Estado, las iniciativas en marcha y para definir oportunidades de colaboraci\u00f3n enmarcadas en el Marco de Cooperaci\u00f3n de las Naciones Unidas para el Desarrollo Sostenible de M\u00e9xico 2020-2025.<\/p>\n\n\n\n<p>Los cuatro ejes prioritarios del poder ejecutivo del estado son seguridad y prevenci\u00f3n; pol\u00edticas p\u00fablicas y promoci\u00f3n de la econom\u00eda; medio ambiente y desarrollo sostenible; mujeres, juventudes e infancia; y salud, deporte, cultura y turismo.<\/p>\n\n\n\n<p>Las tem\u00e1ticas presentadas en el intercambio con las y los representantes de la ONU en M\u00e9xico reflejan los prop\u00f3sitos de Quer\u00e9taro para la cooperaci\u00f3n y la apuesta estatal por el dise\u00f1o e implementaci\u00f3n de pol\u00edticas p\u00fablicas con enfoque y perspectiva de la Agenda 2030.<\/p>\n","protected":false},"excerpt":{"rendered":"<p>Las y los representantes de las agencias, fondos y programas de la ONU en M\u00e9xico se reunieron con el Gobernador y el gabinete del estado de Quer\u00e9taro para dialogar sobre las prioridades de desarrollo sostenible del Estado, las iniciativas en marcha y para definir oportunidades de colaboraci\u00f3n enmarcadas en el Marco de Cooperaci\u00f3n de las [&hellip;]<\/p>\n","protected":false},"author":1,"featured_media":747,"comment_status":"closed","ping_status":"closed","sticky":false,"template":"","format":"standard","meta":{"footnotes":""},"categories":[32],"tags":[],"class_list":["post-762","post","type-post","status-publish","format-standard","has-post-thumbnail","hentry","category-negocios2"],"yoast_head":"<!-- This site is optimized with the Yoast SEO plugin v20.12 - https:\/\/yoast.com\/wordpress\/plugins\/seo\/ -->\n<title>ONU M\u00e9xico y Quer\u00e9taro fortalecen alianzas para impulsar acciones por el desarrollo sostenible - Blog C&amp;H News<\/title>\n<meta name=\"robots\" content=\"index, follow, max-snippet:-1, max-image-preview:large, max-video-preview:-1\" \/>\n<link rel=\"canonical\" href=\"https:\/\/grupocyh.com\/blog\/negocios2\/onu-mexico-y-queretaro-fortalecen-alianzas-para-impulsar-acciones-por-el-desarrollo-sostenible\/\" \/>\n<meta property=\"og:locale\" content=\"es_ES\" \/>\n<meta property=\"og:type\" content=\"article\" \/>\n<meta property=\"og:title\" content=\"ONU M\u00e9xico y Quer\u00e9taro fortalecen alianzas para impulsar acciones por el desarrollo sostenible - Blog C&amp;H News\" \/>\n<meta property=\"og:description\" content=\"Las y los representantes de las agencias, fondos y programas de la ONU en M\u00e9xico se reunieron con el Gobernador y el gabinete del estado de Quer\u00e9taro para dialogar sobre las prioridades de desarrollo sostenible del Estado, las iniciativas en marcha y para definir oportunidades de colaboraci\u00f3n enmarcadas en el Marco de Cooperaci\u00f3n de las [&hellip;]\" \/>\n<meta property=\"og:url\" content=\"https:\/\/grupocyh.com\/blog\/negocios2\/onu-mexico-y-queretaro-fortalecen-alianzas-para-impulsar-acciones-por-el-desarrollo-sostenible\/\" \/>\n<meta property=\"og:site_name\" content=\"Blog C&amp;H News\" \/>\n<meta property=\"article:published_time\" content=\"2024-03-12T18:27:17+00:00\" \/>\n<meta property=\"article:modified_time\" content=\"2024-03-12T18:27:18+00:00\" \/>\n<meta property=\"og:image\" content=\"https:\/\/grupocyh.com\/blog\/wp-content\/uploads\/2024\/03\/6-ONU-Y-QUERETARO.jpg\" \/>\n\t<meta property=\"og:image:width\" content=\"2100\" \/>\n\t<meta property=\"og:image:height\" content=\"1401\" \/>\n\t<meta property=\"og:image:type\" content=\"image\/jpeg\" \/>\n<meta name=\"author\" content=\"admin\" \/>\n<meta name=\"twitter:card\" content=\"summary_large_image\" \/>\n<meta name=\"twitter:label1\" content=\"Escrito por\" \/>\n\t<meta name=\"twitter:data1\" content=\"admin\" \/>\n\t<meta name=\"twitter:label2\" content=\"Tiempo de lectura\" \/>\n\t<meta name=\"twitter:data2\" content=\"1 minuto\" \/>\n<script type=\"application\/ld+json\" class=\"yoast-schema-graph\">{\"@context\":\"https:\/\/schema.org\",\"@graph\":[{\"@type\":\"Article\",\"@id\":\"https:\/\/grupocyh.com\/blog\/negocios2\/onu-mexico-y-queretaro-fortalecen-alianzas-para-impulsar-acciones-por-el-desarrollo-sostenible\/#article\",\"isPartOf\":{\"@id\":\"https:\/\/grupocyh.com\/blog\/negocios2\/onu-mexico-y-queretaro-fortalecen-alianzas-para-impulsar-acciones-por-el-desarrollo-sostenible\/\"},\"author\":{\"name\":\"admin\",\"@id\":\"http:\/\/grupocyh.com\/blog\/#\/schema\/person\/cb26059294aefa3f8125a8085a8b544e\"},\"headline\":\"ONU M\u00e9xico y Quer\u00e9taro fortalecen alianzas para impulsar acciones por el desarrollo sostenible\",\"datePublished\":\"2024-03-12T18:27:17+00:00\",\"dateModified\":\"2024-03-12T18:27:18+00:00\",\"mainEntityOfPage\":{\"@id\":\"https:\/\/grupocyh.com\/blog\/negocios2\/onu-mexico-y-queretaro-fortalecen-alianzas-para-impulsar-acciones-por-el-desarrollo-sostenible\/\"},\"wordCount\":176,\"publisher\":{\"@id\":\"http:\/\/grupocyh.com\/blog\/#organization\"},\"articleSection\":[\"Negocios2\"],\"inLanguage\":\"es\"},{\"@type\":\"WebPage\",\"@id\":\"https:\/\/grupocyh.com\/blog\/negocios2\/onu-mexico-y-queretaro-fortalecen-alianzas-para-impulsar-acciones-por-el-desarrollo-sostenible\/\",\"url\":\"https:\/\/grupocyh.com\/blog\/negocios2\/onu-mexico-y-queretaro-fortalecen-alianzas-para-impulsar-acciones-por-el-desarrollo-sostenible\/\",\"name\":\"ONU M\u00e9xico y Quer\u00e9taro fortalecen alianzas para impulsar acciones por el desarrollo sostenible - Blog C&amp;H News\",\"isPartOf\":{\"@id\":\"http:\/\/grupocyh.com\/blog\/#website\"},\"datePublished\":\"2024-03-12T18:27:17+00:00\",\"dateModified\":\"2024-03-12T18:27:18+00:00\",\"breadcrumb\":{\"@id\":\"https:\/\/grupocyh.com\/blog\/negocios2\/onu-mexico-y-queretaro-fortalecen-alianzas-para-impulsar-acciones-por-el-desarrollo-sostenible\/#breadcrumb\"},\"inLanguage\":\"es\",\"potentialAction\":[{\"@type\":\"ReadAction\",\"target\":[\"https:\/\/grupocyh.com\/blog\/negocios2\/onu-mexico-y-queretaro-fortalecen-alianzas-para-impulsar-acciones-por-el-desarrollo-sostenible\/\"]}]},{\"@type\":\"BreadcrumbList\",\"@id\":\"https:\/\/grupocyh.com\/blog\/negocios2\/onu-mexico-y-queretaro-fortalecen-alianzas-para-impulsar-acciones-por-el-desarrollo-sostenible\/#breadcrumb\",\"itemListElement\":[{\"@type\":\"ListItem\",\"position\":1,\"name\":\"Portada\",\"item\":\"http:\/\/grupocyh.com\/blog\/\"},{\"@type\":\"ListItem\",\"position\":2,\"name\":\"ONU M\u00e9xico y Quer\u00e9taro fortalecen alianzas para impulsar acciones por el desarrollo sostenible\"}]},{\"@type\":\"WebSite\",\"@id\":\"http:\/\/grupocyh.com\/blog\/#website\",\"url\":\"http:\/\/grupocyh.com\/blog\/\",\"name\":\"Blog C&amp;H News\",\"description\":\"C&amp;H News\",\"publisher\":{\"@id\":\"http:\/\/grupocyh.com\/blog\/#organization\"},\"potentialAction\":[{\"@type\":\"SearchAction\",\"target\":{\"@type\":\"EntryPoint\",\"urlTemplate\":\"http:\/\/grupocyh.com\/blog\/?s={search_term_string}\"},\"query-input\":\"required name=search_term_string\"}],\"inLanguage\":\"es\"},{\"@type\":\"Organization\",\"@id\":\"http:\/\/grupocyh.com\/blog\/#organization\",\"name\":\"Blog C&amp;H News\",\"url\":\"http:\/\/grupocyh.com\/blog\/\",\"logo\":{\"@type\":\"ImageObject\",\"inLanguage\":\"es\",\"@id\":\"http:\/\/grupocyh.com\/blog\/#\/schema\/logo\/image\/\",\"url\":\"https:\/\/grupocyh.com\/blog\/wp-content\/uploads\/2023\/07\/cropped-Screenshot-2023-07-26-at-13-45-15-CYH-News.png\",\"contentUrl\":\"https:\/\/grupocyh.com\/blog\/wp-content\/uploads\/2023\/07\/cropped-Screenshot-2023-07-26-at-13-45-15-CYH-News.png\",\"width\":327,\"height\":75,\"caption\":\"Blog C&amp;H News\"},\"image\":{\"@id\":\"http:\/\/grupocyh.com\/blog\/#\/schema\/logo\/image\/\"}},{\"@type\":\"Person\",\"@id\":\"http:\/\/grupocyh.com\/blog\/#\/schema\/person\/cb26059294aefa3f8125a8085a8b544e\",\"name\":\"admin\",\"image\":{\"@type\":\"ImageObject\",\"inLanguage\":\"es\",\"@id\":\"http:\/\/grupocyh.com\/blog\/#\/schema\/person\/image\/\",\"url\":\"https:\/\/secure.gravatar.com\/avatar\/5fc43d77ff1bf3c82b9e6d27382b9e4c?s=96&d=mm&r=g\",\"contentUrl\":\"https:\/\/secure.gravatar.com\/avatar\/5fc43d77ff1bf3c82b9e6d27382b9e4c?s=96&d=mm&r=g\",\"caption\":\"admin\"},\"sameAs\":[\"http:\/\/grupocyh.com\/blog\"],\"url\":\"https:\/\/grupocyh.com\/blog\/author\/admin\/\"}]}<\/script>\n<!-- \/ Yoast SEO plugin. -->","yoast_head_json":{"title":"ONU M\u00e9xico y Quer\u00e9taro fortalecen alianzas para impulsar acciones por el desarrollo sostenible - Blog C&amp;H News","robots":{"index":"index","follow":"follow","max-snippet":"max-snippet:-1","max-image-preview":"max-image-preview:large","max-video-preview":"max-video-preview:-1"},"canonical":"https:\/\/grupocyh.com\/blog\/negocios2\/onu-mexico-y-queretaro-fortalecen-alianzas-para-impulsar-acciones-por-el-desarrollo-sostenible\/","og_locale":"es_ES","og_type":"article","og_title":"ONU M\u00e9xico y Quer\u00e9taro fortalecen alianzas para impulsar acciones por el desarrollo sostenible - Blog C&amp;H News","og_description":"Las y los representantes de las agencias, fondos y programas de la ONU en M\u00e9xico se reunieron con el Gobernador y el gabinete del estado de Quer\u00e9taro para dialogar sobre las prioridades de desarrollo sostenible del Estado, las iniciativas en marcha y para definir oportunidades de colaboraci\u00f3n enmarcadas en el Marco de Cooperaci\u00f3n de las [&hellip;]","og_url":"https:\/\/grupocyh.com\/blog\/negocios2\/onu-mexico-y-queretaro-fortalecen-alianzas-para-impulsar-acciones-por-el-desarrollo-sostenible\/","og_site_name":"Blog C&amp;H News","article_published_time":"2024-03-12T18:27:17+00:00","article_modified_time":"2024-03-12T18:27:18+00:00","og_image":[{"width":2100,"height":1401,"url":"https:\/\/grupocyh.com\/blog\/wp-content\/uploads\/2024\/03\/6-ONU-Y-QUERETARO.jpg","type":"image\/jpeg"}],"author":"admin","twitter_card":"summary_large_image","twitter_misc":{"Escrito por":"admin","Tiempo de lectura":"1 minuto"},"schema":{"@context":"https:\/\/schema.org","@graph":[{"@type":"Article","@id":"https:\/\/grupocyh.com\/blog\/negocios2\/onu-mexico-y-queretaro-fortalecen-alianzas-para-impulsar-acciones-por-el-desarrollo-sostenible\/#article","isPartOf":{"@id":"https:\/\/grupocyh.com\/blog\/negocios2\/onu-mexico-y-queretaro-fortalecen-alianzas-para-impulsar-acciones-por-el-desarrollo-sostenible\/"},"author":{"name":"admin","@id":"http:\/\/grupocyh.com\/blog\/#\/schema\/person\/cb26059294aefa3f8125a8085a8b544e"},"headline":"ONU M\u00e9xico y Quer\u00e9taro fortalecen alianzas para impulsar acciones por el desarrollo sostenible","datePublished":"2024-03-12T18:27:17+00:00","dateModified":"2024-03-12T18:27:18+00:00","mainEntityOfPage":{"@id":"https:\/\/grupocyh.com\/blog\/negocios2\/onu-mexico-y-queretaro-fortalecen-alianzas-para-impulsar-acciones-por-el-desarrollo-sostenible\/"},"wordCount":176,"publisher":{"@id":"http:\/\/grupocyh.com\/blog\/#organization"},"articleSection":["Negocios2"],"inLanguage":"es"},{"@type":"WebPage","@id":"https:\/\/grupocyh.com\/blog\/negocios2\/onu-mexico-y-queretaro-fortalecen-alianzas-para-impulsar-acciones-por-el-desarrollo-sostenible\/","url":"https:\/\/grupocyh.com\/blog\/negocios2\/onu-mexico-y-queretaro-fortalecen-alianzas-para-impulsar-acciones-por-el-desarrollo-sostenible\/","name":"ONU M\u00e9xico y Quer\u00e9taro fortalecen alianzas para impulsar acciones por el desarrollo sostenible - Blog C&amp;H News","isPartOf":{"@id":"http:\/\/grupocyh.com\/blog\/#website"},"datePublished":"2024-03-12T18:27:17+00:00","dateModified":"2024-03-12T18:27:18+00:00","breadcrumb":{"@id":"https:\/\/grupocyh.com\/blog\/negocios2\/onu-mexico-y-queretaro-fortalecen-alianzas-para-impulsar-acciones-por-el-desarrollo-sostenible\/#breadcrumb"},"inLanguage":"es","potentialAction":[{"@type":"ReadAction","target":["https:\/\/grupocyh.com\/blog\/negocios2\/onu-mexico-y-queretaro-fortalecen-alianzas-para-impulsar-acciones-por-el-desarrollo-sostenible\/"]}]},{"@type":"BreadcrumbList","@id":"https:\/\/grupocyh.com\/blog\/negocios2\/onu-mexico-y-queretaro-fortalecen-alianzas-para-impulsar-acciones-por-el-desarrollo-sostenible\/#breadcrumb","itemListElement":[{"@type":"ListItem","position":1,"name":"Portada","item":"http:\/\/grupocyh.com\/blog\/"},{"@type":"ListItem","position":2,"name":"ONU M\u00e9xico y Quer\u00e9taro fortalecen alianzas para impulsar acciones por el desarrollo sostenible"}]},{"@type":"WebSite","@id":"http:\/\/grupocyh.com\/blog\/#website","url":"http:\/\/grupocyh.com\/blog\/","name":"Blog C&amp;H News","description":"C&amp;H News","publisher":{"@id":"http:\/\/grupocyh.com\/blog\/#organization"},"potentialAction":[{"@type":"SearchAction","target":{"@type":"EntryPoint","urlTemplate":"http:\/\/grupocyh.com\/blog\/?s={search_term_string}"},"query-input":"required name=search_term_string"}],"inLanguage":"es"},{"@type":"Organization","@id":"http:\/\/grupocyh.com\/blog\/#organization","name":"Blog C&amp;H News","url":"http:\/\/grupocyh.com\/blog\/","logo":{"@type":"ImageObject","inLanguage":"es","@id":"http:\/\/grupocyh.com\/blog\/#\/schema\/logo\/image\/","url":"https:\/\/grupocyh.com\/blog\/wp-content\/uploads\/2023\/07\/cropped-Screenshot-2023-07-26-at-13-45-15-CYH-News.png","contentUrl":"https:\/\/grupocyh.com\/blog\/wp-content\/uploads\/2023\/07\/cropped-Screenshot-2023-07-26-at-13-45-15-CYH-News.png","width":327,"height":75,"caption":"Blog C&amp;H News"},"image":{"@id":"http:\/\/grupocyh.com\/blog\/#\/schema\/logo\/image\/"}},{"@type":"Person","@id":"http:\/\/grupocyh.com\/blog\/#\/schema\/person\/cb26059294aefa3f8125a8085a8b544e","name":"admin","image":{"@type":"ImageObject","inLanguage":"es","@id":"http:\/\/grupocyh.com\/blog\/#\/schema\/person\/image\/","url":"https:\/\/secure.gravatar.com\/avatar\/5fc43d77ff1bf3c82b9e6d27382b9e4c?s=96&d=mm&r=g","contentUrl":"https:\/\/secure.gravatar.com\/avatar\/5fc43d77ff1bf3c82b9e6d27382b9e4c?s=96&d=mm&r=g","caption":"admin"},"sameAs":["http:\/\/grupocyh.com\/blog"],"url":"https:\/\/grupocyh.com\/blog\/author\/admin\/"}]}},"_links":{"self":[{"href":"https:\/\/grupocyh.com\/blog\/wp-json\/wp\/v2\/posts\/762","targetHints":{"allow":["GET"]}}],"collection":[{"href":"https:\/\/grupocyh.com\/blog\/wp-json\/wp\/v2\/posts"}],"about":[{"href":"https:\/\/grupocyh.com\/blog\/wp-json\/wp\/v2\/types\/post"}],"author":[{"embeddable":true,"href":"https:\/\/grupocyh.com\/blog\/wp-json\/wp\/v2\/users\/1"}],"replies":[{"embeddable":true,"href":"https:\/\/grupocyh.com\/blog\/wp-json\/wp\/v2\/comments?post=762"}],"version-history":[{"count":1,"href":"https:\/\/grupocyh.com\/blog\/wp-json\/wp\/v2\/posts\/762\/revisions"}],"predecessor-version":[{"id":763,"href":"https:\/\/grupocyh.com\/blog\/wp-json\/wp\/v2\/posts\/762\/revisions\/763"}],"wp:featuredmedia":[{"embeddable":true,"href":"https:\/\/grupocyh.com\/blog\/wp-json\/wp\/v2\/media\/747"}],"wp:attachment":[{"href":"https:\/\/grupocyh.com\/blog\/wp-json\/wp\/v2\/media?parent=762"}],"wp:term":[{"taxonomy":"category","embeddable":true,"href":"https:\/\/grupocyh.com\/blog\/wp-json\/wp\/v2\/categories?post=762"},{"taxonomy":"post_tag","embeddable":true,"href":"https:\/\/grupocyh.com\/blog\/wp-json\/wp\/v2\/tags?post=762"}],"curies":[{"name":"wp","href":"https:\/\/api.w.org\/{rel}","templated":true}]}}