{"id":760,"date":"2024-03-12T18:18:12","date_gmt":"2024-03-12T18:18:12","guid":{"rendered":"https:\/\/grupocyh.com\/blog\/?p=760"},"modified":"2024-03-12T18:18:13","modified_gmt":"2024-03-12T18:18:13","slug":"visita-queretaro-el-embajador-de-la-india-en-mexico-en-compania-de-empresarios","status":"publish","type":"post","link":"https:\/\/grupocyh.com\/blog\/negocios2\/visita-queretaro-el-embajador-de-la-india-en-mexico-en-compania-de-empresarios\/","title":{"rendered":"Visita Quer\u00e9taro el Embajador de la India en M\u00e9xico en compa\u00f1\u00eda de empresarios"},"content":{"rendered":"\n<p>El embajador de la India en M\u00e9xico, Pankaj Sharma, en compa\u00f1\u00eda de l\u00edderes empresariales de dicho pa\u00eds, visit\u00f3 el estado de Quer\u00e9taro para sostener un d\u00edalogo sobre tecnolog\u00eda, econom\u00eda, educaci\u00f3n, sustentabilidad, turismo y cultura.<\/p>\n\n\n\n<p>En el encuentro participaron funcionarios estatales, encabezados por el Gobernador, el secretario de Desarrollo Sustentable, la coordinadora de Relaciones Internacionales e Innovaci\u00f3n Gubernamental, el director para M\u00e9xico de Indorama Ventures Polymers, Amit Aggarwal; y el secretario Particular del Embajador, V\u00edctor \u00c1ngel Moreno Ortiz.<\/p>\n","protected":false},"excerpt":{"rendered":"<p>El embajador de la India en M\u00e9xico, Pankaj Sharma, en compa\u00f1\u00eda de l\u00edderes empresariales de dicho pa\u00eds, visit\u00f3 el estado de Quer\u00e9taro para sostener un d\u00edalogo sobre tecnolog\u00eda, econom\u00eda, educaci\u00f3n, sustentabilidad, turismo y cultura. En el encuentro participaron funcionarios estatales, encabezados por el Gobernador, el secretario de Desarrollo Sustentable, la coordinadora de Relaciones Internacionales e [&hellip;]<\/p>\n","protected":false},"author":1,"featured_media":746,"comment_status":"closed","ping_status":"closed","sticky":false,"template":"","format":"standard","meta":{"footnotes":""},"categories":[32],"tags":[],"class_list":["post-760","post","type-post","status-publish","format-standard","has-post-thumbnail","hentry","category-negocios2"],"yoast_head":"<!-- This site is optimized with the Yoast SEO plugin v20.12 - https:\/\/yoast.com\/wordpress\/plugins\/seo\/ -->\n<title>Visita Quer\u00e9taro el Embajador de la India en M\u00e9xico en compa\u00f1\u00eda de empresarios - Blog C&amp;H News<\/title>\n<meta name=\"robots\" content=\"index, follow, max-snippet:-1, max-image-preview:large, max-video-preview:-1\" \/>\n<link rel=\"canonical\" href=\"https:\/\/grupocyh.com\/blog\/negocios2\/visita-queretaro-el-embajador-de-la-india-en-mexico-en-compania-de-empresarios\/\" \/>\n<meta property=\"og:locale\" content=\"es_ES\" \/>\n<meta property=\"og:type\" content=\"article\" \/>\n<meta property=\"og:title\" content=\"Visita Quer\u00e9taro el Embajador de la India en M\u00e9xico en compa\u00f1\u00eda de empresarios - Blog C&amp;H News\" \/>\n<meta property=\"og:description\" content=\"El embajador de la India en M\u00e9xico, Pankaj Sharma, en compa\u00f1\u00eda de l\u00edderes empresariales de dicho pa\u00eds, visit\u00f3 el estado de Quer\u00e9taro para sostener un d\u00edalogo sobre tecnolog\u00eda, econom\u00eda, educaci\u00f3n, sustentabilidad, turismo y cultura. En el encuentro participaron funcionarios estatales, encabezados por el Gobernador, el secretario de Desarrollo Sustentable, la coordinadora de Relaciones Internacionales e [&hellip;]\" \/>\n<meta property=\"og:url\" content=\"https:\/\/grupocyh.com\/blog\/negocios2\/visita-queretaro-el-embajador-de-la-india-en-mexico-en-compania-de-empresarios\/\" \/>\n<meta property=\"og:site_name\" content=\"Blog C&amp;H News\" \/>\n<meta property=\"article:published_time\" content=\"2024-03-12T18:18:12+00:00\" \/>\n<meta property=\"article:modified_time\" content=\"2024-03-12T18:18:13+00:00\" \/>\n<meta property=\"og:image\" content=\"https:\/\/grupocyh.com\/blog\/wp-content\/uploads\/2024\/03\/5.-EMBAJADOR-DE-LA-INDIA.jpeg\" \/>\n\t<meta property=\"og:image:width\" content=\"2100\" \/>\n\t<meta property=\"og:image:height\" content=\"1401\" \/>\n\t<meta property=\"og:image:type\" content=\"image\/jpeg\" \/>\n<meta name=\"author\" content=\"admin\" \/>\n<meta name=\"twitter:card\" content=\"summary_large_image\" \/>\n<meta name=\"twitter:label1\" content=\"Escrito por\" \/>\n\t<meta name=\"twitter:data1\" content=\"admin\" \/>\n\t<meta name=\"twitter:label2\" content=\"Tiempo de lectura\" \/>\n\t<meta name=\"twitter:data2\" content=\"1 minuto\" \/>\n<script type=\"application\/ld+json\" class=\"yoast-schema-graph\">{\"@context\":\"https:\/\/schema.org\",\"@graph\":[{\"@type\":\"Article\",\"@id\":\"https:\/\/grupocyh.com\/blog\/negocios2\/visita-queretaro-el-embajador-de-la-india-en-mexico-en-compania-de-empresarios\/#article\",\"isPartOf\":{\"@id\":\"https:\/\/grupocyh.com\/blog\/negocios2\/visita-queretaro-el-embajador-de-la-india-en-mexico-en-compania-de-empresarios\/\"},\"author\":{\"name\":\"admin\",\"@id\":\"http:\/\/grupocyh.com\/blog\/#\/schema\/person\/cb26059294aefa3f8125a8085a8b544e\"},\"headline\":\"Visita Quer\u00e9taro el Embajador de la India en M\u00e9xico en compa\u00f1\u00eda de empresarios\",\"datePublished\":\"2024-03-12T18:18:12+00:00\",\"dateModified\":\"2024-03-12T18:18:13+00:00\",\"mainEntityOfPage\":{\"@id\":\"https:\/\/grupocyh.com\/blog\/negocios2\/visita-queretaro-el-embajador-de-la-india-en-mexico-en-compania-de-empresarios\/\"},\"wordCount\":105,\"publisher\":{\"@id\":\"http:\/\/grupocyh.com\/blog\/#organization\"},\"articleSection\":[\"Negocios2\"],\"inLanguage\":\"es\"},{\"@type\":\"WebPage\",\"@id\":\"https:\/\/grupocyh.com\/blog\/negocios2\/visita-queretaro-el-embajador-de-la-india-en-mexico-en-compania-de-empresarios\/\",\"url\":\"https:\/\/grupocyh.com\/blog\/negocios2\/visita-queretaro-el-embajador-de-la-india-en-mexico-en-compania-de-empresarios\/\",\"name\":\"Visita Quer\u00e9taro el Embajador de la India en M\u00e9xico en compa\u00f1\u00eda de empresarios - Blog C&amp;H News\",\"isPartOf\":{\"@id\":\"http:\/\/grupocyh.com\/blog\/#website\"},\"datePublished\":\"2024-03-12T18:18:12+00:00\",\"dateModified\":\"2024-03-12T18:18:13+00:00\",\"breadcrumb\":{\"@id\":\"https:\/\/grupocyh.com\/blog\/negocios2\/visita-queretaro-el-embajador-de-la-india-en-mexico-en-compania-de-empresarios\/#breadcrumb\"},\"inLanguage\":\"es\",\"potentialAction\":[{\"@type\":\"ReadAction\",\"target\":[\"https:\/\/grupocyh.com\/blog\/negocios2\/visita-queretaro-el-embajador-de-la-india-en-mexico-en-compania-de-empresarios\/\"]}]},{\"@type\":\"BreadcrumbList\",\"@id\":\"https:\/\/grupocyh.com\/blog\/negocios2\/visita-queretaro-el-embajador-de-la-india-en-mexico-en-compania-de-empresarios\/#breadcrumb\",\"itemListElement\":[{\"@type\":\"ListItem\",\"position\":1,\"name\":\"Portada\",\"item\":\"http:\/\/grupocyh.com\/blog\/\"},{\"@type\":\"ListItem\",\"position\":2,\"name\":\"Visita Quer\u00e9taro el Embajador de la India en M\u00e9xico en compa\u00f1\u00eda de empresarios\"}]},{\"@type\":\"WebSite\",\"@id\":\"http:\/\/grupocyh.com\/blog\/#website\",\"url\":\"http:\/\/grupocyh.com\/blog\/\",\"name\":\"Blog C&amp;H News\",\"description\":\"C&amp;H News\",\"publisher\":{\"@id\":\"http:\/\/grupocyh.com\/blog\/#organization\"},\"potentialAction\":[{\"@type\":\"SearchAction\",\"target\":{\"@type\":\"EntryPoint\",\"urlTemplate\":\"http:\/\/grupocyh.com\/blog\/?s={search_term_string}\"},\"query-input\":\"required name=search_term_string\"}],\"inLanguage\":\"es\"},{\"@type\":\"Organization\",\"@id\":\"http:\/\/grupocyh.com\/blog\/#organization\",\"name\":\"Blog C&amp;H News\",\"url\":\"http:\/\/grupocyh.com\/blog\/\",\"logo\":{\"@type\":\"ImageObject\",\"inLanguage\":\"es\",\"@id\":\"http:\/\/grupocyh.com\/blog\/#\/schema\/logo\/image\/\",\"url\":\"https:\/\/grupocyh.com\/blog\/wp-content\/uploads\/2023\/07\/cropped-Screenshot-2023-07-26-at-13-45-15-CYH-News.png\",\"contentUrl\":\"https:\/\/grupocyh.com\/blog\/wp-content\/uploads\/2023\/07\/cropped-Screenshot-2023-07-26-at-13-45-15-CYH-News.png\",\"width\":327,\"height\":75,\"caption\":\"Blog C&amp;H News\"},\"image\":{\"@id\":\"http:\/\/grupocyh.com\/blog\/#\/schema\/logo\/image\/\"}},{\"@type\":\"Person\",\"@id\":\"http:\/\/grupocyh.com\/blog\/#\/schema\/person\/cb26059294aefa3f8125a8085a8b544e\",\"name\":\"admin\",\"image\":{\"@type\":\"ImageObject\",\"inLanguage\":\"es\",\"@id\":\"http:\/\/grupocyh.com\/blog\/#\/schema\/person\/image\/\",\"url\":\"https:\/\/secure.gravatar.com\/avatar\/5fc43d77ff1bf3c82b9e6d27382b9e4c?s=96&d=mm&r=g\",\"contentUrl\":\"https:\/\/secure.gravatar.com\/avatar\/5fc43d77ff1bf3c82b9e6d27382b9e4c?s=96&d=mm&r=g\",\"caption\":\"admin\"},\"sameAs\":[\"http:\/\/grupocyh.com\/blog\"],\"url\":\"https:\/\/grupocyh.com\/blog\/author\/admin\/\"}]}<\/script>\n<!-- \/ Yoast SEO plugin. -->","yoast_head_json":{"title":"Visita Quer\u00e9taro el Embajador de la India en M\u00e9xico en compa\u00f1\u00eda de empresarios - Blog C&amp;H News","robots":{"index":"index","follow":"follow","max-snippet":"max-snippet:-1","max-image-preview":"max-image-preview:large","max-video-preview":"max-video-preview:-1"},"canonical":"https:\/\/grupocyh.com\/blog\/negocios2\/visita-queretaro-el-embajador-de-la-india-en-mexico-en-compania-de-empresarios\/","og_locale":"es_ES","og_type":"article","og_title":"Visita Quer\u00e9taro el Embajador de la India en M\u00e9xico en compa\u00f1\u00eda de empresarios - Blog C&amp;H News","og_description":"El embajador de la India en M\u00e9xico, Pankaj Sharma, en compa\u00f1\u00eda de l\u00edderes empresariales de dicho pa\u00eds, visit\u00f3 el estado de Quer\u00e9taro para sostener un d\u00edalogo sobre tecnolog\u00eda, econom\u00eda, educaci\u00f3n, sustentabilidad, turismo y cultura. En el encuentro participaron funcionarios estatales, encabezados por el Gobernador, el secretario de Desarrollo Sustentable, la coordinadora de Relaciones Internacionales e [&hellip;]","og_url":"https:\/\/grupocyh.com\/blog\/negocios2\/visita-queretaro-el-embajador-de-la-india-en-mexico-en-compania-de-empresarios\/","og_site_name":"Blog C&amp;H News","article_published_time":"2024-03-12T18:18:12+00:00","article_modified_time":"2024-03-12T18:18:13+00:00","og_image":[{"width":2100,"height":1401,"url":"https:\/\/grupocyh.com\/blog\/wp-content\/uploads\/2024\/03\/5.-EMBAJADOR-DE-LA-INDIA.jpeg","type":"image\/jpeg"}],"author":"admin","twitter_card":"summary_large_image","twitter_misc":{"Escrito por":"admin","Tiempo de lectura":"1 minuto"},"schema":{"@context":"https:\/\/schema.org","@graph":[{"@type":"Article","@id":"https:\/\/grupocyh.com\/blog\/negocios2\/visita-queretaro-el-embajador-de-la-india-en-mexico-en-compania-de-empresarios\/#article","isPartOf":{"@id":"https:\/\/grupocyh.com\/blog\/negocios2\/visita-queretaro-el-embajador-de-la-india-en-mexico-en-compania-de-empresarios\/"},"author":{"name":"admin","@id":"http:\/\/grupocyh.com\/blog\/#\/schema\/person\/cb26059294aefa3f8125a8085a8b544e"},"headline":"Visita Quer\u00e9taro el Embajador de la India en M\u00e9xico en compa\u00f1\u00eda de empresarios","datePublished":"2024-03-12T18:18:12+00:00","dateModified":"2024-03-12T18:18:13+00:00","mainEntityOfPage":{"@id":"https:\/\/grupocyh.com\/blog\/negocios2\/visita-queretaro-el-embajador-de-la-india-en-mexico-en-compania-de-empresarios\/"},"wordCount":105,"publisher":{"@id":"http:\/\/grupocyh.com\/blog\/#organization"},"articleSection":["Negocios2"],"inLanguage":"es"},{"@type":"WebPage","@id":"https:\/\/grupocyh.com\/blog\/negocios2\/visita-queretaro-el-embajador-de-la-india-en-mexico-en-compania-de-empresarios\/","url":"https:\/\/grupocyh.com\/blog\/negocios2\/visita-queretaro-el-embajador-de-la-india-en-mexico-en-compania-de-empresarios\/","name":"Visita Quer\u00e9taro el Embajador de la India en M\u00e9xico en compa\u00f1\u00eda de empresarios - Blog C&amp;H News","isPartOf":{"@id":"http:\/\/grupocyh.com\/blog\/#website"},"datePublished":"2024-03-12T18:18:12+00:00","dateModified":"2024-03-12T18:18:13+00:00","breadcrumb":{"@id":"https:\/\/grupocyh.com\/blog\/negocios2\/visita-queretaro-el-embajador-de-la-india-en-mexico-en-compania-de-empresarios\/#breadcrumb"},"inLanguage":"es","potentialAction":[{"@type":"ReadAction","target":["https:\/\/grupocyh.com\/blog\/negocios2\/visita-queretaro-el-embajador-de-la-india-en-mexico-en-compania-de-empresarios\/"]}]},{"@type":"BreadcrumbList","@id":"https:\/\/grupocyh.com\/blog\/negocios2\/visita-queretaro-el-embajador-de-la-india-en-mexico-en-compania-de-empresarios\/#breadcrumb","itemListElement":[{"@type":"ListItem","position":1,"name":"Portada","item":"http:\/\/grupocyh.com\/blog\/"},{"@type":"ListItem","position":2,"name":"Visita Quer\u00e9taro el Embajador de la India en M\u00e9xico en compa\u00f1\u00eda de empresarios"}]},{"@type":"WebSite","@id":"http:\/\/grupocyh.com\/blog\/#website","url":"http:\/\/grupocyh.com\/blog\/","name":"Blog C&amp;H News","description":"C&amp;H News","publisher":{"@id":"http:\/\/grupocyh.com\/blog\/#organization"},"potentialAction":[{"@type":"SearchAction","target":{"@type":"EntryPoint","urlTemplate":"http:\/\/grupocyh.com\/blog\/?s={search_term_string}"},"query-input":"required name=search_term_string"}],"inLanguage":"es"},{"@type":"Organization","@id":"http:\/\/grupocyh.com\/blog\/#organization","name":"Blog C&amp;H News","url":"http:\/\/grupocyh.com\/blog\/","logo":{"@type":"ImageObject","inLanguage":"es","@id":"http:\/\/grupocyh.com\/blog\/#\/schema\/logo\/image\/","url":"https:\/\/grupocyh.com\/blog\/wp-content\/uploads\/2023\/07\/cropped-Screenshot-2023-07-26-at-13-45-15-CYH-News.png","contentUrl":"https:\/\/grupocyh.com\/blog\/wp-content\/uploads\/2023\/07\/cropped-Screenshot-2023-07-26-at-13-45-15-CYH-News.png","width":327,"height":75,"caption":"Blog C&amp;H News"},"image":{"@id":"http:\/\/grupocyh.com\/blog\/#\/schema\/logo\/image\/"}},{"@type":"Person","@id":"http:\/\/grupocyh.com\/blog\/#\/schema\/person\/cb26059294aefa3f8125a8085a8b544e","name":"admin","image":{"@type":"ImageObject","inLanguage":"es","@id":"http:\/\/grupocyh.com\/blog\/#\/schema\/person\/image\/","url":"https:\/\/secure.gravatar.com\/avatar\/5fc43d77ff1bf3c82b9e6d27382b9e4c?s=96&d=mm&r=g","contentUrl":"https:\/\/secure.gravatar.com\/avatar\/5fc43d77ff1bf3c82b9e6d27382b9e4c?s=96&d=mm&r=g","caption":"admin"},"sameAs":["http:\/\/grupocyh.com\/blog"],"url":"https:\/\/grupocyh.com\/blog\/author\/admin\/"}]}},"_links":{"self":[{"href":"https:\/\/grupocyh.com\/blog\/wp-json\/wp\/v2\/posts\/760","targetHints":{"allow":["GET"]}}],"collection":[{"href":"https:\/\/grupocyh.com\/blog\/wp-json\/wp\/v2\/posts"}],"about":[{"href":"https:\/\/grupocyh.com\/blog\/wp-json\/wp\/v2\/types\/post"}],"author":[{"embeddable":true,"href":"https:\/\/grupocyh.com\/blog\/wp-json\/wp\/v2\/users\/1"}],"replies":[{"embeddable":true,"href":"https:\/\/grupocyh.com\/blog\/wp-json\/wp\/v2\/comments?post=760"}],"version-history":[{"count":1,"href":"https:\/\/grupocyh.com\/blog\/wp-json\/wp\/v2\/posts\/760\/revisions"}],"predecessor-version":[{"id":761,"href":"https:\/\/grupocyh.com\/blog\/wp-json\/wp\/v2\/posts\/760\/revisions\/761"}],"wp:featuredmedia":[{"embeddable":true,"href":"https:\/\/grupocyh.com\/blog\/wp-json\/wp\/v2\/media\/746"}],"wp:attachment":[{"href":"https:\/\/grupocyh.com\/blog\/wp-json\/wp\/v2\/media?parent=760"}],"wp:term":[{"taxonomy":"category","embeddable":true,"href":"https:\/\/grupocyh.com\/blog\/wp-json\/wp\/v2\/categories?post=760"},{"taxonomy":"post_tag","embeddable":true,"href":"https:\/\/grupocyh.com\/blog\/wp-json\/wp\/v2\/tags?post=760"}],"curies":[{"name":"wp","href":"https:\/\/api.w.org\/{rel}","templated":true}]}}