{"id":714,"date":"2024-02-14T14:33:58","date_gmt":"2024-02-14T14:33:58","guid":{"rendered":"https:\/\/grupocyh.com\/blog\/?p=714"},"modified":"2024-02-14T14:33:59","modified_gmt":"2024-02-14T14:33:59","slug":"ventagium-anuncia-inversion-en-queretaro","status":"publish","type":"post","link":"https:\/\/grupocyh.com\/blog\/negocios2\/ventagium-anuncia-inversion-en-queretaro\/","title":{"rendered":"Ventagium anuncia inversi\u00f3n en Quer\u00e9taro"},"content":{"rendered":"\n<p>El titular de la Secretar\u00eda de Desarrollo Sustentable (SEDESU), Marco Antonio Del Prete Tercero, encabez\u00f3 el anuncio de inversi\u00f3n de Ventagium Data Consulting, empresa dedicada al desarrollo de software para inteligencia artificial y anal\u00edticos avanzados, as\u00ed como servicios para cadenas de suministro, marketing, log\u00edstica y ONGs, con lo cual se generar\u00e1n 120 empleos para el sector de Tecnolog\u00edas de la Informaci\u00f3n y Servicios (TICS).<\/p>\n\n\n\n<p>As\u00ed mismo inform\u00f3 que desde la SEDESU y a trav\u00e9s del Programa Estatal para el Desarrollo de Tecnolog\u00eda e Innovaci\u00f3n (PEDETI), se promueve la adopci\u00f3n de nuevas tecnolog\u00edas en Micro, Peque\u00f1as y Medianas Empresas (MiPyMEs) para incrementar su productividad; en 2022 se apoyaron 41 proyectos, con un monto superior a los 17 millones de pesos y para 2023, se beneficiaron a 46 con m\u00e1s de 18 millones de pesos.<\/p>\n","protected":false},"excerpt":{"rendered":"<p>El titular de la Secretar\u00eda de Desarrollo Sustentable (SEDESU), Marco Antonio Del Prete Tercero, encabez\u00f3 el anuncio de inversi\u00f3n de Ventagium Data Consulting, empresa dedicada al desarrollo de software para inteligencia artificial y anal\u00edticos avanzados, as\u00ed como servicios para cadenas de suministro, marketing, log\u00edstica y ONGs, con lo cual se generar\u00e1n 120 empleos para el [&hellip;]<\/p>\n","protected":false},"author":1,"featured_media":715,"comment_status":"closed","ping_status":"closed","sticky":false,"template":"","format":"standard","meta":{"footnotes":""},"categories":[32],"tags":[],"class_list":["post-714","post","type-post","status-publish","format-standard","has-post-thumbnail","hentry","category-negocios2"],"yoast_head":"<!-- This site is optimized with the Yoast SEO plugin v20.12 - https:\/\/yoast.com\/wordpress\/plugins\/seo\/ -->\n<title>Ventagium anuncia inversi\u00f3n en Quer\u00e9taro - Blog C&amp;H News<\/title>\n<meta name=\"robots\" content=\"index, follow, max-snippet:-1, max-image-preview:large, max-video-preview:-1\" \/>\n<link rel=\"canonical\" href=\"https:\/\/grupocyh.com\/blog\/negocios2\/ventagium-anuncia-inversion-en-queretaro\/\" \/>\n<meta property=\"og:locale\" content=\"es_ES\" \/>\n<meta property=\"og:type\" content=\"article\" \/>\n<meta property=\"og:title\" content=\"Ventagium anuncia inversi\u00f3n en Quer\u00e9taro - Blog C&amp;H News\" \/>\n<meta property=\"og:description\" content=\"El titular de la Secretar\u00eda de Desarrollo Sustentable (SEDESU), Marco Antonio Del Prete Tercero, encabez\u00f3 el anuncio de inversi\u00f3n de Ventagium Data Consulting, empresa dedicada al desarrollo de software para inteligencia artificial y anal\u00edticos avanzados, as\u00ed como servicios para cadenas de suministro, marketing, log\u00edstica y ONGs, con lo cual se generar\u00e1n 120 empleos para el [&hellip;]\" \/>\n<meta property=\"og:url\" content=\"https:\/\/grupocyh.com\/blog\/negocios2\/ventagium-anuncia-inversion-en-queretaro\/\" \/>\n<meta property=\"og:site_name\" content=\"Blog C&amp;H News\" \/>\n<meta property=\"article:published_time\" content=\"2024-02-14T14:33:58+00:00\" \/>\n<meta property=\"article:modified_time\" content=\"2024-02-14T14:33:59+00:00\" \/>\n<meta property=\"og:image\" content=\"https:\/\/grupocyh.com\/blog\/wp-content\/uploads\/2024\/02\/71_273_43451_1231528652_01_25_VENTAGIUM_3-scaled.jpg\" \/>\n\t<meta property=\"og:image:width\" content=\"2560\" \/>\n\t<meta property=\"og:image:height\" content=\"1707\" \/>\n\t<meta property=\"og:image:type\" content=\"image\/jpeg\" \/>\n<meta name=\"author\" content=\"admin\" \/>\n<meta name=\"twitter:card\" content=\"summary_large_image\" \/>\n<meta name=\"twitter:label1\" content=\"Escrito por\" \/>\n\t<meta name=\"twitter:data1\" content=\"admin\" \/>\n\t<meta name=\"twitter:label2\" content=\"Tiempo de lectura\" \/>\n\t<meta name=\"twitter:data2\" content=\"1 minuto\" \/>\n<script type=\"application\/ld+json\" class=\"yoast-schema-graph\">{\"@context\":\"https:\/\/schema.org\",\"@graph\":[{\"@type\":\"Article\",\"@id\":\"https:\/\/grupocyh.com\/blog\/negocios2\/ventagium-anuncia-inversion-en-queretaro\/#article\",\"isPartOf\":{\"@id\":\"https:\/\/grupocyh.com\/blog\/negocios2\/ventagium-anuncia-inversion-en-queretaro\/\"},\"author\":{\"name\":\"admin\",\"@id\":\"http:\/\/grupocyh.com\/blog\/#\/schema\/person\/cb26059294aefa3f8125a8085a8b544e\"},\"headline\":\"Ventagium anuncia inversi\u00f3n en Quer\u00e9taro\",\"datePublished\":\"2024-02-14T14:33:58+00:00\",\"dateModified\":\"2024-02-14T14:33:59+00:00\",\"mainEntityOfPage\":{\"@id\":\"https:\/\/grupocyh.com\/blog\/negocios2\/ventagium-anuncia-inversion-en-queretaro\/\"},\"wordCount\":147,\"publisher\":{\"@id\":\"http:\/\/grupocyh.com\/blog\/#organization\"},\"articleSection\":[\"Negocios2\"],\"inLanguage\":\"es\"},{\"@type\":\"WebPage\",\"@id\":\"https:\/\/grupocyh.com\/blog\/negocios2\/ventagium-anuncia-inversion-en-queretaro\/\",\"url\":\"https:\/\/grupocyh.com\/blog\/negocios2\/ventagium-anuncia-inversion-en-queretaro\/\",\"name\":\"Ventagium anuncia inversi\u00f3n en Quer\u00e9taro - Blog C&amp;H News\",\"isPartOf\":{\"@id\":\"http:\/\/grupocyh.com\/blog\/#website\"},\"datePublished\":\"2024-02-14T14:33:58+00:00\",\"dateModified\":\"2024-02-14T14:33:59+00:00\",\"breadcrumb\":{\"@id\":\"https:\/\/grupocyh.com\/blog\/negocios2\/ventagium-anuncia-inversion-en-queretaro\/#breadcrumb\"},\"inLanguage\":\"es\",\"potentialAction\":[{\"@type\":\"ReadAction\",\"target\":[\"https:\/\/grupocyh.com\/blog\/negocios2\/ventagium-anuncia-inversion-en-queretaro\/\"]}]},{\"@type\":\"BreadcrumbList\",\"@id\":\"https:\/\/grupocyh.com\/blog\/negocios2\/ventagium-anuncia-inversion-en-queretaro\/#breadcrumb\",\"itemListElement\":[{\"@type\":\"ListItem\",\"position\":1,\"name\":\"Portada\",\"item\":\"http:\/\/grupocyh.com\/blog\/\"},{\"@type\":\"ListItem\",\"position\":2,\"name\":\"Ventagium anuncia inversi\u00f3n en Quer\u00e9taro\"}]},{\"@type\":\"WebSite\",\"@id\":\"http:\/\/grupocyh.com\/blog\/#website\",\"url\":\"http:\/\/grupocyh.com\/blog\/\",\"name\":\"Blog C&amp;H News\",\"description\":\"C&amp;H News\",\"publisher\":{\"@id\":\"http:\/\/grupocyh.com\/blog\/#organization\"},\"potentialAction\":[{\"@type\":\"SearchAction\",\"target\":{\"@type\":\"EntryPoint\",\"urlTemplate\":\"http:\/\/grupocyh.com\/blog\/?s={search_term_string}\"},\"query-input\":\"required name=search_term_string\"}],\"inLanguage\":\"es\"},{\"@type\":\"Organization\",\"@id\":\"http:\/\/grupocyh.com\/blog\/#organization\",\"name\":\"Blog C&amp;H News\",\"url\":\"http:\/\/grupocyh.com\/blog\/\",\"logo\":{\"@type\":\"ImageObject\",\"inLanguage\":\"es\",\"@id\":\"http:\/\/grupocyh.com\/blog\/#\/schema\/logo\/image\/\",\"url\":\"https:\/\/grupocyh.com\/blog\/wp-content\/uploads\/2023\/07\/cropped-Screenshot-2023-07-26-at-13-45-15-CYH-News.png\",\"contentUrl\":\"https:\/\/grupocyh.com\/blog\/wp-content\/uploads\/2023\/07\/cropped-Screenshot-2023-07-26-at-13-45-15-CYH-News.png\",\"width\":327,\"height\":75,\"caption\":\"Blog C&amp;H News\"},\"image\":{\"@id\":\"http:\/\/grupocyh.com\/blog\/#\/schema\/logo\/image\/\"}},{\"@type\":\"Person\",\"@id\":\"http:\/\/grupocyh.com\/blog\/#\/schema\/person\/cb26059294aefa3f8125a8085a8b544e\",\"name\":\"admin\",\"image\":{\"@type\":\"ImageObject\",\"inLanguage\":\"es\",\"@id\":\"http:\/\/grupocyh.com\/blog\/#\/schema\/person\/image\/\",\"url\":\"https:\/\/secure.gravatar.com\/avatar\/5fc43d77ff1bf3c82b9e6d27382b9e4c?s=96&d=mm&r=g\",\"contentUrl\":\"https:\/\/secure.gravatar.com\/avatar\/5fc43d77ff1bf3c82b9e6d27382b9e4c?s=96&d=mm&r=g\",\"caption\":\"admin\"},\"sameAs\":[\"http:\/\/grupocyh.com\/blog\"],\"url\":\"https:\/\/grupocyh.com\/blog\/author\/admin\/\"}]}<\/script>\n<!-- \/ Yoast SEO plugin. -->","yoast_head_json":{"title":"Ventagium anuncia inversi\u00f3n en Quer\u00e9taro - Blog C&amp;H News","robots":{"index":"index","follow":"follow","max-snippet":"max-snippet:-1","max-image-preview":"max-image-preview:large","max-video-preview":"max-video-preview:-1"},"canonical":"https:\/\/grupocyh.com\/blog\/negocios2\/ventagium-anuncia-inversion-en-queretaro\/","og_locale":"es_ES","og_type":"article","og_title":"Ventagium anuncia inversi\u00f3n en Quer\u00e9taro - Blog C&amp;H News","og_description":"El titular de la Secretar\u00eda de Desarrollo Sustentable (SEDESU), Marco Antonio Del Prete Tercero, encabez\u00f3 el anuncio de inversi\u00f3n de Ventagium Data Consulting, empresa dedicada al desarrollo de software para inteligencia artificial y anal\u00edticos avanzados, as\u00ed como servicios para cadenas de suministro, marketing, log\u00edstica y ONGs, con lo cual se generar\u00e1n 120 empleos para el [&hellip;]","og_url":"https:\/\/grupocyh.com\/blog\/negocios2\/ventagium-anuncia-inversion-en-queretaro\/","og_site_name":"Blog C&amp;H News","article_published_time":"2024-02-14T14:33:58+00:00","article_modified_time":"2024-02-14T14:33:59+00:00","og_image":[{"width":2560,"height":1707,"url":"https:\/\/grupocyh.com\/blog\/wp-content\/uploads\/2024\/02\/71_273_43451_1231528652_01_25_VENTAGIUM_3-scaled.jpg","type":"image\/jpeg"}],"author":"admin","twitter_card":"summary_large_image","twitter_misc":{"Escrito por":"admin","Tiempo de lectura":"1 minuto"},"schema":{"@context":"https:\/\/schema.org","@graph":[{"@type":"Article","@id":"https:\/\/grupocyh.com\/blog\/negocios2\/ventagium-anuncia-inversion-en-queretaro\/#article","isPartOf":{"@id":"https:\/\/grupocyh.com\/blog\/negocios2\/ventagium-anuncia-inversion-en-queretaro\/"},"author":{"name":"admin","@id":"http:\/\/grupocyh.com\/blog\/#\/schema\/person\/cb26059294aefa3f8125a8085a8b544e"},"headline":"Ventagium anuncia inversi\u00f3n en Quer\u00e9taro","datePublished":"2024-02-14T14:33:58+00:00","dateModified":"2024-02-14T14:33:59+00:00","mainEntityOfPage":{"@id":"https:\/\/grupocyh.com\/blog\/negocios2\/ventagium-anuncia-inversion-en-queretaro\/"},"wordCount":147,"publisher":{"@id":"http:\/\/grupocyh.com\/blog\/#organization"},"articleSection":["Negocios2"],"inLanguage":"es"},{"@type":"WebPage","@id":"https:\/\/grupocyh.com\/blog\/negocios2\/ventagium-anuncia-inversion-en-queretaro\/","url":"https:\/\/grupocyh.com\/blog\/negocios2\/ventagium-anuncia-inversion-en-queretaro\/","name":"Ventagium anuncia inversi\u00f3n en Quer\u00e9taro - Blog C&amp;H News","isPartOf":{"@id":"http:\/\/grupocyh.com\/blog\/#website"},"datePublished":"2024-02-14T14:33:58+00:00","dateModified":"2024-02-14T14:33:59+00:00","breadcrumb":{"@id":"https:\/\/grupocyh.com\/blog\/negocios2\/ventagium-anuncia-inversion-en-queretaro\/#breadcrumb"},"inLanguage":"es","potentialAction":[{"@type":"ReadAction","target":["https:\/\/grupocyh.com\/blog\/negocios2\/ventagium-anuncia-inversion-en-queretaro\/"]}]},{"@type":"BreadcrumbList","@id":"https:\/\/grupocyh.com\/blog\/negocios2\/ventagium-anuncia-inversion-en-queretaro\/#breadcrumb","itemListElement":[{"@type":"ListItem","position":1,"name":"Portada","item":"http:\/\/grupocyh.com\/blog\/"},{"@type":"ListItem","position":2,"name":"Ventagium anuncia inversi\u00f3n en Quer\u00e9taro"}]},{"@type":"WebSite","@id":"http:\/\/grupocyh.com\/blog\/#website","url":"http:\/\/grupocyh.com\/blog\/","name":"Blog C&amp;H News","description":"C&amp;H News","publisher":{"@id":"http:\/\/grupocyh.com\/blog\/#organization"},"potentialAction":[{"@type":"SearchAction","target":{"@type":"EntryPoint","urlTemplate":"http:\/\/grupocyh.com\/blog\/?s={search_term_string}"},"query-input":"required name=search_term_string"}],"inLanguage":"es"},{"@type":"Organization","@id":"http:\/\/grupocyh.com\/blog\/#organization","name":"Blog C&amp;H News","url":"http:\/\/grupocyh.com\/blog\/","logo":{"@type":"ImageObject","inLanguage":"es","@id":"http:\/\/grupocyh.com\/blog\/#\/schema\/logo\/image\/","url":"https:\/\/grupocyh.com\/blog\/wp-content\/uploads\/2023\/07\/cropped-Screenshot-2023-07-26-at-13-45-15-CYH-News.png","contentUrl":"https:\/\/grupocyh.com\/blog\/wp-content\/uploads\/2023\/07\/cropped-Screenshot-2023-07-26-at-13-45-15-CYH-News.png","width":327,"height":75,"caption":"Blog C&amp;H News"},"image":{"@id":"http:\/\/grupocyh.com\/blog\/#\/schema\/logo\/image\/"}},{"@type":"Person","@id":"http:\/\/grupocyh.com\/blog\/#\/schema\/person\/cb26059294aefa3f8125a8085a8b544e","name":"admin","image":{"@type":"ImageObject","inLanguage":"es","@id":"http:\/\/grupocyh.com\/blog\/#\/schema\/person\/image\/","url":"https:\/\/secure.gravatar.com\/avatar\/5fc43d77ff1bf3c82b9e6d27382b9e4c?s=96&d=mm&r=g","contentUrl":"https:\/\/secure.gravatar.com\/avatar\/5fc43d77ff1bf3c82b9e6d27382b9e4c?s=96&d=mm&r=g","caption":"admin"},"sameAs":["http:\/\/grupocyh.com\/blog"],"url":"https:\/\/grupocyh.com\/blog\/author\/admin\/"}]}},"_links":{"self":[{"href":"https:\/\/grupocyh.com\/blog\/wp-json\/wp\/v2\/posts\/714","targetHints":{"allow":["GET"]}}],"collection":[{"href":"https:\/\/grupocyh.com\/blog\/wp-json\/wp\/v2\/posts"}],"about":[{"href":"https:\/\/grupocyh.com\/blog\/wp-json\/wp\/v2\/types\/post"}],"author":[{"embeddable":true,"href":"https:\/\/grupocyh.com\/blog\/wp-json\/wp\/v2\/users\/1"}],"replies":[{"embeddable":true,"href":"https:\/\/grupocyh.com\/blog\/wp-json\/wp\/v2\/comments?post=714"}],"version-history":[{"count":1,"href":"https:\/\/grupocyh.com\/blog\/wp-json\/wp\/v2\/posts\/714\/revisions"}],"predecessor-version":[{"id":716,"href":"https:\/\/grupocyh.com\/blog\/wp-json\/wp\/v2\/posts\/714\/revisions\/716"}],"wp:featuredmedia":[{"embeddable":true,"href":"https:\/\/grupocyh.com\/blog\/wp-json\/wp\/v2\/media\/715"}],"wp:attachment":[{"href":"https:\/\/grupocyh.com\/blog\/wp-json\/wp\/v2\/media?parent=714"}],"wp:term":[{"taxonomy":"category","embeddable":true,"href":"https:\/\/grupocyh.com\/blog\/wp-json\/wp\/v2\/categories?post=714"},{"taxonomy":"post_tag","embeddable":true,"href":"https:\/\/grupocyh.com\/blog\/wp-json\/wp\/v2\/tags?post=714"}],"curies":[{"name":"wp","href":"https:\/\/api.w.org\/{rel}","templated":true}]}}