{"id":591,"date":"2023-08-28T23:59:41","date_gmt":"2023-08-28T23:59:41","guid":{"rendered":"https:\/\/grupocyh.com\/blog\/?p=591"},"modified":"2024-03-12T18:36:30","modified_gmt":"2024-03-12T18:36:30","slug":"precio-al-carbono-impulsa-el-desarrollo-economico-a-traves-del-cuidado-del-medio-ambiente-del-prete","status":"publish","type":"post","link":"https:\/\/grupocyh.com\/blog\/negocios2\/precio-al-carbono-impulsa-el-desarrollo-economico-a-traves-del-cuidado-del-medio-ambiente-del-prete\/","title":{"rendered":"Precio al carbono impulsa el desarrollo econ\u00f3mico a trav\u00e9s del cuidado del medio ambiente: Del Prete"},"content":{"rendered":"\n<ul class=\"wp-block-list\">\n<li>En Quer\u00e9taro se consideran dos mecanismos de flexibilidad: est\u00edmulo por pronto pago y la compensaci\u00f3n de emisiones.<\/li>\n<\/ul>\n\n\n\n<p>En el marco de la tercera edici\u00f3n del M\u00e9xico Carbon Forum, el titular de la Secretar\u00eda de Desarrollo Sustentable (SEDESU), Marco Antonio Del Prete Tercero, particip\u00f3 en la plenaria \u201cPrecio al Carbono en M\u00e9xico y Am\u00e9rica Latina: Estado del Arte\u201d, panel en el que present\u00f3 el instrumento econ\u00f3mico implementado en Quer\u00e9taro para impulsar un nuevo paradigma de crecimiento: impulsar el desarrollo econ\u00f3mico a trav\u00e9s del cuidado del medio ambiente.<\/p>\n\n\n\n<p>El funcionario estatal explic\u00f3 que en el estado se estableci\u00f3 un punto de regulaci\u00f3n que permiti\u00f3 establecer una base gravable y determinar la tasa impositiva de 25 d\u00f3lares por tonelada de emisi\u00f3n carbono equivalente; adem\u00e1s, se consideraron dos mecanismos de flexibilidad: el est\u00edmulo por pronto pago y un sistema de compensaci\u00f3n de emisiones.<\/p>\n\n\n\n<p>Igualmente se\u00f1al\u00f3 que el gobierno queretano estableci\u00f3 el uso para los ingresos obtenidos a trav\u00e9s del impuesto, mismo que ser\u00e1 dedicado a obras de infraestructura para adaptaci\u00f3n ante el cambio clim\u00e1tico, se realiza un financiamiento a estrategias de descarbonizaci\u00f3n para la reducci\u00f3n de las emisiones de Gases de Efecto Invernadero (GEI).<\/p>\n","protected":false},"excerpt":{"rendered":"<p>En el marco de la tercera edici\u00f3n del M\u00e9xico Carbon Forum, el titular de la Secretar\u00eda de Desarrollo Sustentable (SEDESU), Marco Antonio Del Prete Tercero, particip\u00f3 en la plenaria \u201cPrecio al Carbono en M\u00e9xico y Am\u00e9rica Latina: Estado del Arte\u201d, panel en el que present\u00f3 el instrumento econ\u00f3mico implementado en Quer\u00e9taro para impulsar un nuevo [&hellip;]<\/p>\n","protected":false},"author":1,"featured_media":592,"comment_status":"closed","ping_status":"closed","sticky":false,"template":"","format":"standard","meta":{"footnotes":""},"categories":[32],"tags":[],"class_list":["post-591","post","type-post","status-publish","format-standard","has-post-thumbnail","hentry","category-negocios2"],"yoast_head":"<!-- This site is optimized with the Yoast SEO plugin v20.12 - https:\/\/yoast.com\/wordpress\/plugins\/seo\/ -->\n<title>Precio al carbono impulsa el desarrollo econ\u00f3mico a trav\u00e9s del cuidado del medio ambiente: Del Prete - Blog C&amp;H News<\/title>\n<meta name=\"robots\" content=\"index, follow, max-snippet:-1, max-image-preview:large, max-video-preview:-1\" \/>\n<link rel=\"canonical\" href=\"https:\/\/grupocyh.com\/blog\/negocios2\/precio-al-carbono-impulsa-el-desarrollo-economico-a-traves-del-cuidado-del-medio-ambiente-del-prete\/\" \/>\n<meta property=\"og:locale\" content=\"es_ES\" \/>\n<meta property=\"og:type\" content=\"article\" \/>\n<meta property=\"og:title\" content=\"Precio al carbono impulsa el desarrollo econ\u00f3mico a trav\u00e9s del cuidado del medio ambiente: Del Prete - Blog C&amp;H News\" \/>\n<meta property=\"og:description\" content=\"En el marco de la tercera edici\u00f3n del M\u00e9xico Carbon Forum, el titular de la Secretar\u00eda de Desarrollo Sustentable (SEDESU), Marco Antonio Del Prete Tercero, particip\u00f3 en la plenaria \u201cPrecio al Carbono en M\u00e9xico y Am\u00e9rica Latina: Estado del Arte\u201d, panel en el que present\u00f3 el instrumento econ\u00f3mico implementado en Quer\u00e9taro para impulsar un nuevo [&hellip;]\" \/>\n<meta property=\"og:url\" content=\"https:\/\/grupocyh.com\/blog\/negocios2\/precio-al-carbono-impulsa-el-desarrollo-economico-a-traves-del-cuidado-del-medio-ambiente-del-prete\/\" \/>\n<meta property=\"og:site_name\" content=\"Blog C&amp;H News\" \/>\n<meta property=\"article:published_time\" content=\"2023-08-28T23:59:41+00:00\" \/>\n<meta property=\"article:modified_time\" content=\"2024-03-12T18:36:30+00:00\" \/>\n<meta property=\"og:image\" content=\"https:\/\/grupocyh.com\/blog\/wp-content\/uploads\/2023\/08\/CARBONO.jpeg\" \/>\n\t<meta property=\"og:image:width\" content=\"1024\" \/>\n\t<meta property=\"og:image:height\" content=\"600\" \/>\n\t<meta property=\"og:image:type\" content=\"image\/jpeg\" \/>\n<meta name=\"author\" content=\"admin\" \/>\n<meta name=\"twitter:card\" content=\"summary_large_image\" \/>\n<meta name=\"twitter:label1\" content=\"Escrito por\" \/>\n\t<meta name=\"twitter:data1\" content=\"admin\" \/>\n\t<meta name=\"twitter:label2\" content=\"Tiempo de lectura\" \/>\n\t<meta name=\"twitter:data2\" content=\"1 minuto\" \/>\n<script type=\"application\/ld+json\" class=\"yoast-schema-graph\">{\"@context\":\"https:\/\/schema.org\",\"@graph\":[{\"@type\":\"Article\",\"@id\":\"https:\/\/grupocyh.com\/blog\/negocios2\/precio-al-carbono-impulsa-el-desarrollo-economico-a-traves-del-cuidado-del-medio-ambiente-del-prete\/#article\",\"isPartOf\":{\"@id\":\"https:\/\/grupocyh.com\/blog\/negocios2\/precio-al-carbono-impulsa-el-desarrollo-economico-a-traves-del-cuidado-del-medio-ambiente-del-prete\/\"},\"author\":{\"name\":\"admin\",\"@id\":\"http:\/\/grupocyh.com\/blog\/#\/schema\/person\/cb26059294aefa3f8125a8085a8b544e\"},\"headline\":\"Precio al carbono impulsa el desarrollo econ\u00f3mico a trav\u00e9s del cuidado del medio ambiente: Del Prete\",\"datePublished\":\"2023-08-28T23:59:41+00:00\",\"dateModified\":\"2024-03-12T18:36:30+00:00\",\"mainEntityOfPage\":{\"@id\":\"https:\/\/grupocyh.com\/blog\/negocios2\/precio-al-carbono-impulsa-el-desarrollo-economico-a-traves-del-cuidado-del-medio-ambiente-del-prete\/\"},\"wordCount\":231,\"publisher\":{\"@id\":\"http:\/\/grupocyh.com\/blog\/#organization\"},\"articleSection\":[\"Negocios2\"],\"inLanguage\":\"es\"},{\"@type\":\"WebPage\",\"@id\":\"https:\/\/grupocyh.com\/blog\/negocios2\/precio-al-carbono-impulsa-el-desarrollo-economico-a-traves-del-cuidado-del-medio-ambiente-del-prete\/\",\"url\":\"https:\/\/grupocyh.com\/blog\/negocios2\/precio-al-carbono-impulsa-el-desarrollo-economico-a-traves-del-cuidado-del-medio-ambiente-del-prete\/\",\"name\":\"Precio al carbono impulsa el desarrollo econ\u00f3mico a trav\u00e9s del cuidado del medio ambiente: Del Prete - Blog C&amp;H News\",\"isPartOf\":{\"@id\":\"http:\/\/grupocyh.com\/blog\/#website\"},\"datePublished\":\"2023-08-28T23:59:41+00:00\",\"dateModified\":\"2024-03-12T18:36:30+00:00\",\"breadcrumb\":{\"@id\":\"https:\/\/grupocyh.com\/blog\/negocios2\/precio-al-carbono-impulsa-el-desarrollo-economico-a-traves-del-cuidado-del-medio-ambiente-del-prete\/#breadcrumb\"},\"inLanguage\":\"es\",\"potentialAction\":[{\"@type\":\"ReadAction\",\"target\":[\"https:\/\/grupocyh.com\/blog\/negocios2\/precio-al-carbono-impulsa-el-desarrollo-economico-a-traves-del-cuidado-del-medio-ambiente-del-prete\/\"]}]},{\"@type\":\"BreadcrumbList\",\"@id\":\"https:\/\/grupocyh.com\/blog\/negocios2\/precio-al-carbono-impulsa-el-desarrollo-economico-a-traves-del-cuidado-del-medio-ambiente-del-prete\/#breadcrumb\",\"itemListElement\":[{\"@type\":\"ListItem\",\"position\":1,\"name\":\"Portada\",\"item\":\"http:\/\/grupocyh.com\/blog\/\"},{\"@type\":\"ListItem\",\"position\":2,\"name\":\"Precio al carbono impulsa el desarrollo econ\u00f3mico a trav\u00e9s del cuidado del medio ambiente: Del Prete\"}]},{\"@type\":\"WebSite\",\"@id\":\"http:\/\/grupocyh.com\/blog\/#website\",\"url\":\"http:\/\/grupocyh.com\/blog\/\",\"name\":\"Blog C&amp;H News\",\"description\":\"C&amp;H News\",\"publisher\":{\"@id\":\"http:\/\/grupocyh.com\/blog\/#organization\"},\"potentialAction\":[{\"@type\":\"SearchAction\",\"target\":{\"@type\":\"EntryPoint\",\"urlTemplate\":\"http:\/\/grupocyh.com\/blog\/?s={search_term_string}\"},\"query-input\":\"required name=search_term_string\"}],\"inLanguage\":\"es\"},{\"@type\":\"Organization\",\"@id\":\"http:\/\/grupocyh.com\/blog\/#organization\",\"name\":\"Blog C&amp;H News\",\"url\":\"http:\/\/grupocyh.com\/blog\/\",\"logo\":{\"@type\":\"ImageObject\",\"inLanguage\":\"es\",\"@id\":\"http:\/\/grupocyh.com\/blog\/#\/schema\/logo\/image\/\",\"url\":\"https:\/\/grupocyh.com\/blog\/wp-content\/uploads\/2023\/07\/cropped-Screenshot-2023-07-26-at-13-45-15-CYH-News.png\",\"contentUrl\":\"https:\/\/grupocyh.com\/blog\/wp-content\/uploads\/2023\/07\/cropped-Screenshot-2023-07-26-at-13-45-15-CYH-News.png\",\"width\":327,\"height\":75,\"caption\":\"Blog C&amp;H News\"},\"image\":{\"@id\":\"http:\/\/grupocyh.com\/blog\/#\/schema\/logo\/image\/\"}},{\"@type\":\"Person\",\"@id\":\"http:\/\/grupocyh.com\/blog\/#\/schema\/person\/cb26059294aefa3f8125a8085a8b544e\",\"name\":\"admin\",\"image\":{\"@type\":\"ImageObject\",\"inLanguage\":\"es\",\"@id\":\"http:\/\/grupocyh.com\/blog\/#\/schema\/person\/image\/\",\"url\":\"https:\/\/secure.gravatar.com\/avatar\/5fc43d77ff1bf3c82b9e6d27382b9e4c?s=96&d=mm&r=g\",\"contentUrl\":\"https:\/\/secure.gravatar.com\/avatar\/5fc43d77ff1bf3c82b9e6d27382b9e4c?s=96&d=mm&r=g\",\"caption\":\"admin\"},\"sameAs\":[\"http:\/\/grupocyh.com\/blog\"],\"url\":\"https:\/\/grupocyh.com\/blog\/author\/admin\/\"}]}<\/script>\n<!-- \/ Yoast SEO plugin. -->","yoast_head_json":{"title":"Precio al carbono impulsa el desarrollo econ\u00f3mico a trav\u00e9s del cuidado del medio ambiente: Del Prete - Blog C&amp;H News","robots":{"index":"index","follow":"follow","max-snippet":"max-snippet:-1","max-image-preview":"max-image-preview:large","max-video-preview":"max-video-preview:-1"},"canonical":"https:\/\/grupocyh.com\/blog\/negocios2\/precio-al-carbono-impulsa-el-desarrollo-economico-a-traves-del-cuidado-del-medio-ambiente-del-prete\/","og_locale":"es_ES","og_type":"article","og_title":"Precio al carbono impulsa el desarrollo econ\u00f3mico a trav\u00e9s del cuidado del medio ambiente: Del Prete - Blog C&amp;H News","og_description":"En el marco de la tercera edici\u00f3n del M\u00e9xico Carbon Forum, el titular de la Secretar\u00eda de Desarrollo Sustentable (SEDESU), Marco Antonio Del Prete Tercero, particip\u00f3 en la plenaria \u201cPrecio al Carbono en M\u00e9xico y Am\u00e9rica Latina: Estado del Arte\u201d, panel en el que present\u00f3 el instrumento econ\u00f3mico implementado en Quer\u00e9taro para impulsar un nuevo [&hellip;]","og_url":"https:\/\/grupocyh.com\/blog\/negocios2\/precio-al-carbono-impulsa-el-desarrollo-economico-a-traves-del-cuidado-del-medio-ambiente-del-prete\/","og_site_name":"Blog C&amp;H News","article_published_time":"2023-08-28T23:59:41+00:00","article_modified_time":"2024-03-12T18:36:30+00:00","og_image":[{"width":1024,"height":600,"url":"https:\/\/grupocyh.com\/blog\/wp-content\/uploads\/2023\/08\/CARBONO.jpeg","type":"image\/jpeg"}],"author":"admin","twitter_card":"summary_large_image","twitter_misc":{"Escrito por":"admin","Tiempo de lectura":"1 minuto"},"schema":{"@context":"https:\/\/schema.org","@graph":[{"@type":"Article","@id":"https:\/\/grupocyh.com\/blog\/negocios2\/precio-al-carbono-impulsa-el-desarrollo-economico-a-traves-del-cuidado-del-medio-ambiente-del-prete\/#article","isPartOf":{"@id":"https:\/\/grupocyh.com\/blog\/negocios2\/precio-al-carbono-impulsa-el-desarrollo-economico-a-traves-del-cuidado-del-medio-ambiente-del-prete\/"},"author":{"name":"admin","@id":"http:\/\/grupocyh.com\/blog\/#\/schema\/person\/cb26059294aefa3f8125a8085a8b544e"},"headline":"Precio al carbono impulsa el desarrollo econ\u00f3mico a trav\u00e9s del cuidado del medio ambiente: Del Prete","datePublished":"2023-08-28T23:59:41+00:00","dateModified":"2024-03-12T18:36:30+00:00","mainEntityOfPage":{"@id":"https:\/\/grupocyh.com\/blog\/negocios2\/precio-al-carbono-impulsa-el-desarrollo-economico-a-traves-del-cuidado-del-medio-ambiente-del-prete\/"},"wordCount":231,"publisher":{"@id":"http:\/\/grupocyh.com\/blog\/#organization"},"articleSection":["Negocios2"],"inLanguage":"es"},{"@type":"WebPage","@id":"https:\/\/grupocyh.com\/blog\/negocios2\/precio-al-carbono-impulsa-el-desarrollo-economico-a-traves-del-cuidado-del-medio-ambiente-del-prete\/","url":"https:\/\/grupocyh.com\/blog\/negocios2\/precio-al-carbono-impulsa-el-desarrollo-economico-a-traves-del-cuidado-del-medio-ambiente-del-prete\/","name":"Precio al carbono impulsa el desarrollo econ\u00f3mico a trav\u00e9s del cuidado del medio ambiente: Del Prete - Blog C&amp;H News","isPartOf":{"@id":"http:\/\/grupocyh.com\/blog\/#website"},"datePublished":"2023-08-28T23:59:41+00:00","dateModified":"2024-03-12T18:36:30+00:00","breadcrumb":{"@id":"https:\/\/grupocyh.com\/blog\/negocios2\/precio-al-carbono-impulsa-el-desarrollo-economico-a-traves-del-cuidado-del-medio-ambiente-del-prete\/#breadcrumb"},"inLanguage":"es","potentialAction":[{"@type":"ReadAction","target":["https:\/\/grupocyh.com\/blog\/negocios2\/precio-al-carbono-impulsa-el-desarrollo-economico-a-traves-del-cuidado-del-medio-ambiente-del-prete\/"]}]},{"@type":"BreadcrumbList","@id":"https:\/\/grupocyh.com\/blog\/negocios2\/precio-al-carbono-impulsa-el-desarrollo-economico-a-traves-del-cuidado-del-medio-ambiente-del-prete\/#breadcrumb","itemListElement":[{"@type":"ListItem","position":1,"name":"Portada","item":"http:\/\/grupocyh.com\/blog\/"},{"@type":"ListItem","position":2,"name":"Precio al carbono impulsa el desarrollo econ\u00f3mico a trav\u00e9s del cuidado del medio ambiente: Del Prete"}]},{"@type":"WebSite","@id":"http:\/\/grupocyh.com\/blog\/#website","url":"http:\/\/grupocyh.com\/blog\/","name":"Blog C&amp;H News","description":"C&amp;H News","publisher":{"@id":"http:\/\/grupocyh.com\/blog\/#organization"},"potentialAction":[{"@type":"SearchAction","target":{"@type":"EntryPoint","urlTemplate":"http:\/\/grupocyh.com\/blog\/?s={search_term_string}"},"query-input":"required name=search_term_string"}],"inLanguage":"es"},{"@type":"Organization","@id":"http:\/\/grupocyh.com\/blog\/#organization","name":"Blog C&amp;H News","url":"http:\/\/grupocyh.com\/blog\/","logo":{"@type":"ImageObject","inLanguage":"es","@id":"http:\/\/grupocyh.com\/blog\/#\/schema\/logo\/image\/","url":"https:\/\/grupocyh.com\/blog\/wp-content\/uploads\/2023\/07\/cropped-Screenshot-2023-07-26-at-13-45-15-CYH-News.png","contentUrl":"https:\/\/grupocyh.com\/blog\/wp-content\/uploads\/2023\/07\/cropped-Screenshot-2023-07-26-at-13-45-15-CYH-News.png","width":327,"height":75,"caption":"Blog C&amp;H News"},"image":{"@id":"http:\/\/grupocyh.com\/blog\/#\/schema\/logo\/image\/"}},{"@type":"Person","@id":"http:\/\/grupocyh.com\/blog\/#\/schema\/person\/cb26059294aefa3f8125a8085a8b544e","name":"admin","image":{"@type":"ImageObject","inLanguage":"es","@id":"http:\/\/grupocyh.com\/blog\/#\/schema\/person\/image\/","url":"https:\/\/secure.gravatar.com\/avatar\/5fc43d77ff1bf3c82b9e6d27382b9e4c?s=96&d=mm&r=g","contentUrl":"https:\/\/secure.gravatar.com\/avatar\/5fc43d77ff1bf3c82b9e6d27382b9e4c?s=96&d=mm&r=g","caption":"admin"},"sameAs":["http:\/\/grupocyh.com\/blog"],"url":"https:\/\/grupocyh.com\/blog\/author\/admin\/"}]}},"_links":{"self":[{"href":"https:\/\/grupocyh.com\/blog\/wp-json\/wp\/v2\/posts\/591","targetHints":{"allow":["GET"]}}],"collection":[{"href":"https:\/\/grupocyh.com\/blog\/wp-json\/wp\/v2\/posts"}],"about":[{"href":"https:\/\/grupocyh.com\/blog\/wp-json\/wp\/v2\/types\/post"}],"author":[{"embeddable":true,"href":"https:\/\/grupocyh.com\/blog\/wp-json\/wp\/v2\/users\/1"}],"replies":[{"embeddable":true,"href":"https:\/\/grupocyh.com\/blog\/wp-json\/wp\/v2\/comments?post=591"}],"version-history":[{"count":1,"href":"https:\/\/grupocyh.com\/blog\/wp-json\/wp\/v2\/posts\/591\/revisions"}],"predecessor-version":[{"id":593,"href":"https:\/\/grupocyh.com\/blog\/wp-json\/wp\/v2\/posts\/591\/revisions\/593"}],"wp:featuredmedia":[{"embeddable":true,"href":"https:\/\/grupocyh.com\/blog\/wp-json\/wp\/v2\/media\/592"}],"wp:attachment":[{"href":"https:\/\/grupocyh.com\/blog\/wp-json\/wp\/v2\/media?parent=591"}],"wp:term":[{"taxonomy":"category","embeddable":true,"href":"https:\/\/grupocyh.com\/blog\/wp-json\/wp\/v2\/categories?post=591"},{"taxonomy":"post_tag","embeddable":true,"href":"https:\/\/grupocyh.com\/blog\/wp-json\/wp\/v2\/tags?post=591"}],"curies":[{"name":"wp","href":"https:\/\/api.w.org\/{rel}","templated":true}]}}