{"id":539,"date":"2023-08-11T14:43:17","date_gmt":"2023-08-11T14:43:17","guid":{"rendered":"https:\/\/grupocyh.com\/blog\/?p=539"},"modified":"2023-08-11T14:43:18","modified_gmt":"2023-08-11T14:43:18","slug":"logistica-y-manufactura-lideran-demanda-de-naves-industriales-en-queretaro-canacintra","status":"publish","type":"post","link":"https:\/\/grupocyh.com\/blog\/negocios2\/logistica-y-manufactura-lideran-demanda-de-naves-industriales-en-queretaro-canacintra\/","title":{"rendered":"Log\u00edstica y manufactura, lideran demanda de naves industriales en Quer\u00e9taro: Canacintra"},"content":{"rendered":"\n<p>La instalaci\u00f3n de las industrias de manufactura ligera y log\u00edstica est\u00e1n liderando la ocupaci\u00f3n de naves industriales en el estado, coment\u00f3 el presidente de la C\u00e1mara Nacional de la Industria de la Transformaci\u00f3n (Canacintra), Esa\u00fa Magallanes Alonso.<\/p>\n\n\n\n<p>Las cadenas de proveedur\u00eda de diversos sectores est\u00e1n optando por instalarse en el estado, aunado a los proyectos de expansi\u00f3n de industrias radicadas en Quer\u00e9taro.<\/p>\n\n\n\n<p>El arribo de nuevas empresas en las industrias automotriz, electr\u00f3nica, aeron\u00e1utica, metalmec\u00e1nica, pl\u00e1sticos y otras ramas manufactureras, as\u00ed como el incremento de capacidades de producci\u00f3n, propician que el estado tenga una tendencia creciente en la demanda de \u00e1reas industriales.<\/p>\n","protected":false},"excerpt":{"rendered":"<p>La instalaci\u00f3n de las industrias de manufactura ligera y log\u00edstica est\u00e1n liderando la ocupaci\u00f3n de naves industriales en el estado, coment\u00f3 el presidente de la C\u00e1mara Nacional de la Industria de la Transformaci\u00f3n (Canacintra), Esa\u00fa Magallanes Alonso. Las cadenas de proveedur\u00eda de diversos sectores est\u00e1n optando por instalarse en el estado, aunado a los proyectos [&hellip;]<\/p>\n","protected":false},"author":1,"featured_media":529,"comment_status":"closed","ping_status":"closed","sticky":false,"template":"","format":"standard","meta":{"footnotes":""},"categories":[32],"tags":[],"class_list":["post-539","post","type-post","status-publish","format-standard","has-post-thumbnail","hentry","category-negocios2"],"yoast_head":"<!-- This site is optimized with the Yoast SEO plugin v20.12 - https:\/\/yoast.com\/wordpress\/plugins\/seo\/ -->\n<title>Log\u00edstica y manufactura, lideran demanda de naves industriales en Quer\u00e9taro: Canacintra - Blog C&amp;H News<\/title>\n<meta name=\"robots\" content=\"index, follow, max-snippet:-1, max-image-preview:large, max-video-preview:-1\" \/>\n<link rel=\"canonical\" href=\"https:\/\/grupocyh.com\/blog\/negocios2\/logistica-y-manufactura-lideran-demanda-de-naves-industriales-en-queretaro-canacintra\/\" \/>\n<meta property=\"og:locale\" content=\"es_ES\" \/>\n<meta property=\"og:type\" content=\"article\" \/>\n<meta property=\"og:title\" content=\"Log\u00edstica y manufactura, lideran demanda de naves industriales en Quer\u00e9taro: Canacintra - Blog C&amp;H News\" \/>\n<meta property=\"og:description\" content=\"La instalaci\u00f3n de las industrias de manufactura ligera y log\u00edstica est\u00e1n liderando la ocupaci\u00f3n de naves industriales en el estado, coment\u00f3 el presidente de la C\u00e1mara Nacional de la Industria de la Transformaci\u00f3n (Canacintra), Esa\u00fa Magallanes Alonso. Las cadenas de proveedur\u00eda de diversos sectores est\u00e1n optando por instalarse en el estado, aunado a los proyectos [&hellip;]\" \/>\n<meta property=\"og:url\" content=\"https:\/\/grupocyh.com\/blog\/negocios2\/logistica-y-manufactura-lideran-demanda-de-naves-industriales-en-queretaro-canacintra\/\" \/>\n<meta property=\"og:site_name\" content=\"Blog C&amp;H News\" \/>\n<meta property=\"article:published_time\" content=\"2023-08-11T14:43:17+00:00\" \/>\n<meta property=\"article:modified_time\" content=\"2023-08-11T14:43:18+00:00\" \/>\n<meta property=\"og:image\" content=\"https:\/\/grupocyh.com\/blog\/wp-content\/uploads\/2023\/08\/DHL-protagonista-en-la-logistica-de-la-vacuna-contra-COVID-19.png\" \/>\n\t<meta property=\"og:image:width\" content=\"750\" \/>\n\t<meta property=\"og:image:height\" content=\"400\" \/>\n\t<meta property=\"og:image:type\" content=\"image\/png\" \/>\n<meta name=\"author\" content=\"admin\" \/>\n<meta name=\"twitter:card\" content=\"summary_large_image\" \/>\n<meta name=\"twitter:label1\" content=\"Escrito por\" \/>\n\t<meta name=\"twitter:data1\" content=\"admin\" \/>\n\t<meta name=\"twitter:label2\" content=\"Tiempo de lectura\" \/>\n\t<meta name=\"twitter:data2\" content=\"1 minuto\" \/>\n<script type=\"application\/ld+json\" class=\"yoast-schema-graph\">{\"@context\":\"https:\/\/schema.org\",\"@graph\":[{\"@type\":\"Article\",\"@id\":\"https:\/\/grupocyh.com\/blog\/negocios2\/logistica-y-manufactura-lideran-demanda-de-naves-industriales-en-queretaro-canacintra\/#article\",\"isPartOf\":{\"@id\":\"https:\/\/grupocyh.com\/blog\/negocios2\/logistica-y-manufactura-lideran-demanda-de-naves-industriales-en-queretaro-canacintra\/\"},\"author\":{\"name\":\"admin\",\"@id\":\"http:\/\/grupocyh.com\/blog\/#\/schema\/person\/cb26059294aefa3f8125a8085a8b544e\"},\"headline\":\"Log\u00edstica y manufactura, lideran demanda de naves industriales en Quer\u00e9taro: Canacintra\",\"datePublished\":\"2023-08-11T14:43:17+00:00\",\"dateModified\":\"2023-08-11T14:43:18+00:00\",\"mainEntityOfPage\":{\"@id\":\"https:\/\/grupocyh.com\/blog\/negocios2\/logistica-y-manufactura-lideran-demanda-de-naves-industriales-en-queretaro-canacintra\/\"},\"wordCount\":129,\"publisher\":{\"@id\":\"http:\/\/grupocyh.com\/blog\/#organization\"},\"articleSection\":[\"Negocios2\"],\"inLanguage\":\"es\"},{\"@type\":\"WebPage\",\"@id\":\"https:\/\/grupocyh.com\/blog\/negocios2\/logistica-y-manufactura-lideran-demanda-de-naves-industriales-en-queretaro-canacintra\/\",\"url\":\"https:\/\/grupocyh.com\/blog\/negocios2\/logistica-y-manufactura-lideran-demanda-de-naves-industriales-en-queretaro-canacintra\/\",\"name\":\"Log\u00edstica y manufactura, lideran demanda de naves industriales en Quer\u00e9taro: Canacintra - Blog C&amp;H News\",\"isPartOf\":{\"@id\":\"http:\/\/grupocyh.com\/blog\/#website\"},\"datePublished\":\"2023-08-11T14:43:17+00:00\",\"dateModified\":\"2023-08-11T14:43:18+00:00\",\"breadcrumb\":{\"@id\":\"https:\/\/grupocyh.com\/blog\/negocios2\/logistica-y-manufactura-lideran-demanda-de-naves-industriales-en-queretaro-canacintra\/#breadcrumb\"},\"inLanguage\":\"es\",\"potentialAction\":[{\"@type\":\"ReadAction\",\"target\":[\"https:\/\/grupocyh.com\/blog\/negocios2\/logistica-y-manufactura-lideran-demanda-de-naves-industriales-en-queretaro-canacintra\/\"]}]},{\"@type\":\"BreadcrumbList\",\"@id\":\"https:\/\/grupocyh.com\/blog\/negocios2\/logistica-y-manufactura-lideran-demanda-de-naves-industriales-en-queretaro-canacintra\/#breadcrumb\",\"itemListElement\":[{\"@type\":\"ListItem\",\"position\":1,\"name\":\"Portada\",\"item\":\"http:\/\/grupocyh.com\/blog\/\"},{\"@type\":\"ListItem\",\"position\":2,\"name\":\"Log\u00edstica y manufactura, lideran demanda de naves industriales en Quer\u00e9taro: Canacintra\"}]},{\"@type\":\"WebSite\",\"@id\":\"http:\/\/grupocyh.com\/blog\/#website\",\"url\":\"http:\/\/grupocyh.com\/blog\/\",\"name\":\"Blog C&amp;H News\",\"description\":\"C&amp;H News\",\"publisher\":{\"@id\":\"http:\/\/grupocyh.com\/blog\/#organization\"},\"potentialAction\":[{\"@type\":\"SearchAction\",\"target\":{\"@type\":\"EntryPoint\",\"urlTemplate\":\"http:\/\/grupocyh.com\/blog\/?s={search_term_string}\"},\"query-input\":\"required name=search_term_string\"}],\"inLanguage\":\"es\"},{\"@type\":\"Organization\",\"@id\":\"http:\/\/grupocyh.com\/blog\/#organization\",\"name\":\"Blog C&amp;H News\",\"url\":\"http:\/\/grupocyh.com\/blog\/\",\"logo\":{\"@type\":\"ImageObject\",\"inLanguage\":\"es\",\"@id\":\"http:\/\/grupocyh.com\/blog\/#\/schema\/logo\/image\/\",\"url\":\"https:\/\/grupocyh.com\/blog\/wp-content\/uploads\/2023\/07\/cropped-Screenshot-2023-07-26-at-13-45-15-CYH-News.png\",\"contentUrl\":\"https:\/\/grupocyh.com\/blog\/wp-content\/uploads\/2023\/07\/cropped-Screenshot-2023-07-26-at-13-45-15-CYH-News.png\",\"width\":327,\"height\":75,\"caption\":\"Blog C&amp;H News\"},\"image\":{\"@id\":\"http:\/\/grupocyh.com\/blog\/#\/schema\/logo\/image\/\"}},{\"@type\":\"Person\",\"@id\":\"http:\/\/grupocyh.com\/blog\/#\/schema\/person\/cb26059294aefa3f8125a8085a8b544e\",\"name\":\"admin\",\"image\":{\"@type\":\"ImageObject\",\"inLanguage\":\"es\",\"@id\":\"http:\/\/grupocyh.com\/blog\/#\/schema\/person\/image\/\",\"url\":\"https:\/\/secure.gravatar.com\/avatar\/5fc43d77ff1bf3c82b9e6d27382b9e4c?s=96&d=mm&r=g\",\"contentUrl\":\"https:\/\/secure.gravatar.com\/avatar\/5fc43d77ff1bf3c82b9e6d27382b9e4c?s=96&d=mm&r=g\",\"caption\":\"admin\"},\"sameAs\":[\"http:\/\/grupocyh.com\/blog\"],\"url\":\"https:\/\/grupocyh.com\/blog\/author\/admin\/\"}]}<\/script>\n<!-- \/ Yoast SEO plugin. -->","yoast_head_json":{"title":"Log\u00edstica y manufactura, lideran demanda de naves industriales en Quer\u00e9taro: Canacintra - Blog C&amp;H News","robots":{"index":"index","follow":"follow","max-snippet":"max-snippet:-1","max-image-preview":"max-image-preview:large","max-video-preview":"max-video-preview:-1"},"canonical":"https:\/\/grupocyh.com\/blog\/negocios2\/logistica-y-manufactura-lideran-demanda-de-naves-industriales-en-queretaro-canacintra\/","og_locale":"es_ES","og_type":"article","og_title":"Log\u00edstica y manufactura, lideran demanda de naves industriales en Quer\u00e9taro: Canacintra - Blog C&amp;H News","og_description":"La instalaci\u00f3n de las industrias de manufactura ligera y log\u00edstica est\u00e1n liderando la ocupaci\u00f3n de naves industriales en el estado, coment\u00f3 el presidente de la C\u00e1mara Nacional de la Industria de la Transformaci\u00f3n (Canacintra), Esa\u00fa Magallanes Alonso. Las cadenas de proveedur\u00eda de diversos sectores est\u00e1n optando por instalarse en el estado, aunado a los proyectos [&hellip;]","og_url":"https:\/\/grupocyh.com\/blog\/negocios2\/logistica-y-manufactura-lideran-demanda-de-naves-industriales-en-queretaro-canacintra\/","og_site_name":"Blog C&amp;H News","article_published_time":"2023-08-11T14:43:17+00:00","article_modified_time":"2023-08-11T14:43:18+00:00","og_image":[{"width":750,"height":400,"url":"https:\/\/grupocyh.com\/blog\/wp-content\/uploads\/2023\/08\/DHL-protagonista-en-la-logistica-de-la-vacuna-contra-COVID-19.png","type":"image\/png"}],"author":"admin","twitter_card":"summary_large_image","twitter_misc":{"Escrito por":"admin","Tiempo de lectura":"1 minuto"},"schema":{"@context":"https:\/\/schema.org","@graph":[{"@type":"Article","@id":"https:\/\/grupocyh.com\/blog\/negocios2\/logistica-y-manufactura-lideran-demanda-de-naves-industriales-en-queretaro-canacintra\/#article","isPartOf":{"@id":"https:\/\/grupocyh.com\/blog\/negocios2\/logistica-y-manufactura-lideran-demanda-de-naves-industriales-en-queretaro-canacintra\/"},"author":{"name":"admin","@id":"http:\/\/grupocyh.com\/blog\/#\/schema\/person\/cb26059294aefa3f8125a8085a8b544e"},"headline":"Log\u00edstica y manufactura, lideran demanda de naves industriales en Quer\u00e9taro: Canacintra","datePublished":"2023-08-11T14:43:17+00:00","dateModified":"2023-08-11T14:43:18+00:00","mainEntityOfPage":{"@id":"https:\/\/grupocyh.com\/blog\/negocios2\/logistica-y-manufactura-lideran-demanda-de-naves-industriales-en-queretaro-canacintra\/"},"wordCount":129,"publisher":{"@id":"http:\/\/grupocyh.com\/blog\/#organization"},"articleSection":["Negocios2"],"inLanguage":"es"},{"@type":"WebPage","@id":"https:\/\/grupocyh.com\/blog\/negocios2\/logistica-y-manufactura-lideran-demanda-de-naves-industriales-en-queretaro-canacintra\/","url":"https:\/\/grupocyh.com\/blog\/negocios2\/logistica-y-manufactura-lideran-demanda-de-naves-industriales-en-queretaro-canacintra\/","name":"Log\u00edstica y manufactura, lideran demanda de naves industriales en Quer\u00e9taro: Canacintra - Blog C&amp;H News","isPartOf":{"@id":"http:\/\/grupocyh.com\/blog\/#website"},"datePublished":"2023-08-11T14:43:17+00:00","dateModified":"2023-08-11T14:43:18+00:00","breadcrumb":{"@id":"https:\/\/grupocyh.com\/blog\/negocios2\/logistica-y-manufactura-lideran-demanda-de-naves-industriales-en-queretaro-canacintra\/#breadcrumb"},"inLanguage":"es","potentialAction":[{"@type":"ReadAction","target":["https:\/\/grupocyh.com\/blog\/negocios2\/logistica-y-manufactura-lideran-demanda-de-naves-industriales-en-queretaro-canacintra\/"]}]},{"@type":"BreadcrumbList","@id":"https:\/\/grupocyh.com\/blog\/negocios2\/logistica-y-manufactura-lideran-demanda-de-naves-industriales-en-queretaro-canacintra\/#breadcrumb","itemListElement":[{"@type":"ListItem","position":1,"name":"Portada","item":"http:\/\/grupocyh.com\/blog\/"},{"@type":"ListItem","position":2,"name":"Log\u00edstica y manufactura, lideran demanda de naves industriales en Quer\u00e9taro: Canacintra"}]},{"@type":"WebSite","@id":"http:\/\/grupocyh.com\/blog\/#website","url":"http:\/\/grupocyh.com\/blog\/","name":"Blog C&amp;H News","description":"C&amp;H News","publisher":{"@id":"http:\/\/grupocyh.com\/blog\/#organization"},"potentialAction":[{"@type":"SearchAction","target":{"@type":"EntryPoint","urlTemplate":"http:\/\/grupocyh.com\/blog\/?s={search_term_string}"},"query-input":"required name=search_term_string"}],"inLanguage":"es"},{"@type":"Organization","@id":"http:\/\/grupocyh.com\/blog\/#organization","name":"Blog C&amp;H News","url":"http:\/\/grupocyh.com\/blog\/","logo":{"@type":"ImageObject","inLanguage":"es","@id":"http:\/\/grupocyh.com\/blog\/#\/schema\/logo\/image\/","url":"https:\/\/grupocyh.com\/blog\/wp-content\/uploads\/2023\/07\/cropped-Screenshot-2023-07-26-at-13-45-15-CYH-News.png","contentUrl":"https:\/\/grupocyh.com\/blog\/wp-content\/uploads\/2023\/07\/cropped-Screenshot-2023-07-26-at-13-45-15-CYH-News.png","width":327,"height":75,"caption":"Blog C&amp;H News"},"image":{"@id":"http:\/\/grupocyh.com\/blog\/#\/schema\/logo\/image\/"}},{"@type":"Person","@id":"http:\/\/grupocyh.com\/blog\/#\/schema\/person\/cb26059294aefa3f8125a8085a8b544e","name":"admin","image":{"@type":"ImageObject","inLanguage":"es","@id":"http:\/\/grupocyh.com\/blog\/#\/schema\/person\/image\/","url":"https:\/\/secure.gravatar.com\/avatar\/5fc43d77ff1bf3c82b9e6d27382b9e4c?s=96&d=mm&r=g","contentUrl":"https:\/\/secure.gravatar.com\/avatar\/5fc43d77ff1bf3c82b9e6d27382b9e4c?s=96&d=mm&r=g","caption":"admin"},"sameAs":["http:\/\/grupocyh.com\/blog"],"url":"https:\/\/grupocyh.com\/blog\/author\/admin\/"}]}},"_links":{"self":[{"href":"https:\/\/grupocyh.com\/blog\/wp-json\/wp\/v2\/posts\/539","targetHints":{"allow":["GET"]}}],"collection":[{"href":"https:\/\/grupocyh.com\/blog\/wp-json\/wp\/v2\/posts"}],"about":[{"href":"https:\/\/grupocyh.com\/blog\/wp-json\/wp\/v2\/types\/post"}],"author":[{"embeddable":true,"href":"https:\/\/grupocyh.com\/blog\/wp-json\/wp\/v2\/users\/1"}],"replies":[{"embeddable":true,"href":"https:\/\/grupocyh.com\/blog\/wp-json\/wp\/v2\/comments?post=539"}],"version-history":[{"count":1,"href":"https:\/\/grupocyh.com\/blog\/wp-json\/wp\/v2\/posts\/539\/revisions"}],"predecessor-version":[{"id":540,"href":"https:\/\/grupocyh.com\/blog\/wp-json\/wp\/v2\/posts\/539\/revisions\/540"}],"wp:featuredmedia":[{"embeddable":true,"href":"https:\/\/grupocyh.com\/blog\/wp-json\/wp\/v2\/media\/529"}],"wp:attachment":[{"href":"https:\/\/grupocyh.com\/blog\/wp-json\/wp\/v2\/media?parent=539"}],"wp:term":[{"taxonomy":"category","embeddable":true,"href":"https:\/\/grupocyh.com\/blog\/wp-json\/wp\/v2\/categories?post=539"},{"taxonomy":"post_tag","embeddable":true,"href":"https:\/\/grupocyh.com\/blog\/wp-json\/wp\/v2\/tags?post=539"}],"curies":[{"name":"wp","href":"https:\/\/api.w.org\/{rel}","templated":true}]}}